{"id":224986,"date":"2025-07-23T21:12:22","date_gmt":"2025-07-24T04:12:22","guid":{"rendered":"https:\/\/rnoticias.com.mx\/Portal\/?p=224986"},"modified":"2025-07-23T21:12:22","modified_gmt":"2025-07-24T04:12:22","slug":"en-cajeme-capturan-a-dos-sujetos-generadores-de-violencia-y-en-cateo-aseguran-armamento-droga-y-vehiculos","status":"publish","type":"post","link":"https:\/\/rnoticias.com.mx\/Portal\/2025\/07\/23\/en-cajeme-capturan-a-dos-sujetos-generadores-de-violencia-y-en-cateo-aseguran-armamento-droga-y-vehiculos\/","title":{"rendered":"En Cajeme capturan a dos sujetos generadores de violencia y, en cateo, aseguran armamento, droga y veh\u00edculos"},"content":{"rendered":"<p>Cajeme, Sonora, 23 de julio de 2025.- Como parte de los trabajos de inteligencia y contenci\u00f3n de actividades delictivas, se logr\u00f3 la detenci\u00f3n de dos sujetos generadores de violencia y el aseguramiento de un arsenal, veh\u00edculos con irregularidades y droga, tras una serie de acciones desplegadas en la comisar\u00eda Esperanza, en el municipio de Cajeme.<\/p>\n<p>En la acci\u00f3n t\u00e1ctica participaron elementos de la Agencia Ministerial de Investigaci\u00f3n Criminal (AMIC) en coordinaci\u00f3n con la Secretar\u00eda de la Defensa Nacional (DEFENSA), Secretar\u00eda de Marina Armada de M\u00e9xico (SEMAR) y la Polic\u00eda Estatal de Seguridad P\u00fablica (PESP)<\/p>\n<p>El primer hecho ocurri\u00f3 el d\u00eda 22 de julio de 2025, cuando se intercept\u00f3 un veh\u00edculo Buick Encore modelo 2024 sobre la calle Ju\u00e1rez, en la colonia Centro; su conductor intent\u00f3 evadir a las autoridades, siendo finalmente detenido junto con su acompa\u00f1ante.<\/p>\n<p>Los dos sujetos detenidos portaban entre sus pertenencias droga y el veh\u00edculo presentaba alteraciones en sus engomados; ambos sujetos y los indicios quedaron a disposici\u00f3n del Agente del Ministerio P\u00fablico.<\/p>\n<p>Derivado de esa detenci\u00f3n y con la informaci\u00f3n recabada, se obtuvo una orden de cateo que fue cumplimentada el 23 de julio en un domicilio en la comisar\u00eda Esperanza.<\/p>\n<p>Al ingresar, se localizaron y aseguraron armas largas y cortas, droga, veh\u00edculos con reporte de robo en Estados Unidos de Am\u00e9rica e indicios constitutivos de diversos delitos.<\/p>\n<p>Por el aseguramiento de armas registrado se dar\u00e1 vista a la Fiscal\u00eda General de la Rep\u00fablica (FGR) para que contin\u00fae con la investigaci\u00f3n por los delitos de orden federal.<\/p>\n<p>Asimismo, en cuanto los tiempos procesales lo permitan, se ampliar\u00e1 la informaci\u00f3n y detalles del aseguramiento.<\/p>\n","protected":false},"excerpt":{"rendered":"<p>Cajeme, Sonora, 23 de julio de 2025.- Como parte de los trabajos de inteligencia y contenci\u00f3n de actividades delictivas, se logr\u00f3 la detenci\u00f3n de dos sujetos generadores de violencia y el aseguramiento de un arsenal, veh\u00edculos con irregularidades y droga, tras una serie de acciones desplegadas en la comisar\u00eda Esperanza, en el municipio de Cajeme. [&hellip;]<\/p>\n","protected":false},"author":2,"featured_media":224987,"comment_status":"closed","ping_status":"closed","sticky":false,"template":"","format":"standard","meta":{"footnotes":""},"categories":[12870,174],"tags":[12865,12873],"class_list":["post-224986","post","type-post","status-publish","format-standard","has-post-thumbnail","hentry","category-destacadas","category-estatal","tag-destacadas","tag-estatal"],"jetpack_featured_media_url":"https:\/\/rnoticias.com.mx\/Portal\/wp-content\/uploads\/2025\/07\/Captura-de-Pantalla-2025-06-13-a-las-7.09.43-696x486-1.png","amp_enabled":true,"_links":{"self":[{"href":"https:\/\/rnoticias.com.mx\/Portal\/wp-json\/wp\/v2\/posts\/224986","targetHints":{"allow":["GET"]}}],"collection":[{"href":"https:\/\/rnoticias.com.mx\/Portal\/wp-json\/wp\/v2\/posts"}],"about":[{"href":"https:\/\/rnoticias.com.mx\/Portal\/wp-json\/wp\/v2\/types\/post"}],"author":[{"embeddable":true,"href":"https:\/\/rnoticias.com.mx\/Portal\/wp-json\/wp\/v2\/users\/2"}],"replies":[{"embeddable":true,"href":"https:\/\/rnoticias.com.mx\/Portal\/wp-json\/wp\/v2\/comments?post=224986"}],"version-history":[{"count":1,"href":"https:\/\/rnoticias.com.mx\/Portal\/wp-json\/wp\/v2\/posts\/224986\/revisions"}],"predecessor-version":[{"id":224988,"href":"https:\/\/rnoticias.com.mx\/Portal\/wp-json\/wp\/v2\/posts\/224986\/revisions\/224988"}],"wp:featuredmedia":[{"embeddable":true,"href":"https:\/\/rnoticias.com.mx\/Portal\/wp-json\/wp\/v2\/media\/224987"}],"wp:attachment":[{"href":"https:\/\/rnoticias.com.mx\/Portal\/wp-json\/wp\/v2\/media?parent=224986"}],"wp:term":[{"taxonomy":"category","embeddable":true,"href":"https:\/\/rnoticias.com.mx\/Portal\/wp-json\/wp\/v2\/categories?post=224986"},{"taxonomy":"post_tag","embeddable":true,"href":"https:\/\/rnoticias.com.mx\/Portal\/wp-json\/wp\/v2\/tags?post=224986"}],"curies":[{"name":"wp","href":"https:\/\/api.w.org\/{rel}","templated":true}]}}