{"id":224928,"date":"2025-07-23T14:24:29","date_gmt":"2025-07-23T21:24:29","guid":{"rendered":"https:\/\/rnoticias.com.mx\/Portal\/?p=224928"},"modified":"2025-07-23T14:24:29","modified_gmt":"2025-07-23T21:24:29","slug":"vinculan-a-proceso-a-imputado-por-robo-con-violencia-y-abuso-sexual-en-hermosillo","status":"publish","type":"post","link":"https:\/\/rnoticias.com.mx\/Portal\/2025\/07\/23\/vinculan-a-proceso-a-imputado-por-robo-con-violencia-y-abuso-sexual-en-hermosillo\/","title":{"rendered":"Vinculan a proceso a imputado por robo con violencia y abuso sexual en Hermosillo"},"content":{"rendered":"<p>Hermosillo, Sonora, 23 de julio de 2025.- Como parte de las acciones de procuraci\u00f3n de justicia encabezadas por la Fiscal\u00eda General de Justicia del Estado de Sonora (FGJES), se obtuvo la vinculaci\u00f3n a proceso de Luis Alfonso \u201cN\u201d, de 46 a\u00f1os, por su probable responsabilidad en los delitos de robo con violencia en casa habitaci\u00f3n habitada al momento de su comisi\u00f3n y abuso sexual, en Hermosillo.<\/p>\n<p>Los hechos ocurrieron durante la madrugada del pasado 5 de junio, cuando el hoy imputado, en compa\u00f1\u00eda de un segundo sujeto, ingres\u00f3 por la fuerza a un domicilio ubicado en la colonia Camino Real.<\/p>\n<p>Dentro de la vivienda, agredi\u00f3 con arma blanca a un hombre de 30 a\u00f1os de edad, y violent\u00f3 sexualmente a una mujer de 26 a\u00f1os de edad, mientras sustra\u00eda diversos objetos de valor pertenecientes a ambas v\u00edctimas.<\/p>\n<p>El imputado se apoder\u00f3 de art\u00edculos electr\u00f3nicos, joyer\u00eda, calzado, dispositivos de entretenimiento, ropa y objetos personales, utilizando para ello la violencia f\u00edsica y psicol\u00f3gica. Posteriormente, huy\u00f3 del lugar junto con su c\u00f3mplice.<\/p>\n<p>Derivado de la denuncia y las diligencias realizadas, se logr\u00f3 su captura mediante orden de aprehensi\u00f3n cumplimentada por agentes de la Agencia Ministerial de Investigaci\u00f3n Criminal (AMIC).<\/p>\n<p>La Fiscal\u00eda General de Justicia del Estado de Sonora (FGJES) mantiene su firme compromiso con la atenci\u00f3n a v\u00edctimas de delitos que vulneran la integridad f\u00edsica, patrimonial y sexual de las personas, y continuar\u00e1 las acciones para identificar y capturar al segundo implicado.<\/p>\n","protected":false},"excerpt":{"rendered":"<p>Hermosillo, Sonora, 23 de julio de 2025.- Como parte de las acciones de procuraci\u00f3n de justicia encabezadas por la Fiscal\u00eda General de Justicia del Estado de Sonora (FGJES), se obtuvo la vinculaci\u00f3n a proceso de Luis Alfonso \u201cN\u201d, de 46 a\u00f1os, por su probable responsabilidad en los delitos de robo con violencia en casa habitaci\u00f3n [&hellip;]<\/p>\n","protected":false},"author":2,"featured_media":224929,"comment_status":"closed","ping_status":"closed","sticky":false,"template":"","format":"standard","meta":{"footnotes":""},"categories":[12870,178],"tags":[12865,12869],"class_list":["post-224928","post","type-post","status-publish","format-standard","has-post-thumbnail","hentry","category-destacadas","category-local","tag-destacadas","tag-local"],"jetpack_featured_media_url":"https:\/\/rnoticias.com.mx\/Portal\/wp-content\/uploads\/2025\/07\/d0081aad-c72a-49ab-b866-8641a04b8d3f.jpg","amp_enabled":true,"_links":{"self":[{"href":"https:\/\/rnoticias.com.mx\/Portal\/wp-json\/wp\/v2\/posts\/224928","targetHints":{"allow":["GET"]}}],"collection":[{"href":"https:\/\/rnoticias.com.mx\/Portal\/wp-json\/wp\/v2\/posts"}],"about":[{"href":"https:\/\/rnoticias.com.mx\/Portal\/wp-json\/wp\/v2\/types\/post"}],"author":[{"embeddable":true,"href":"https:\/\/rnoticias.com.mx\/Portal\/wp-json\/wp\/v2\/users\/2"}],"replies":[{"embeddable":true,"href":"https:\/\/rnoticias.com.mx\/Portal\/wp-json\/wp\/v2\/comments?post=224928"}],"version-history":[{"count":1,"href":"https:\/\/rnoticias.com.mx\/Portal\/wp-json\/wp\/v2\/posts\/224928\/revisions"}],"predecessor-version":[{"id":224930,"href":"https:\/\/rnoticias.com.mx\/Portal\/wp-json\/wp\/v2\/posts\/224928\/revisions\/224930"}],"wp:featuredmedia":[{"embeddable":true,"href":"https:\/\/rnoticias.com.mx\/Portal\/wp-json\/wp\/v2\/media\/224929"}],"wp:attachment":[{"href":"https:\/\/rnoticias.com.mx\/Portal\/wp-json\/wp\/v2\/media?parent=224928"}],"wp:term":[{"taxonomy":"category","embeddable":true,"href":"https:\/\/rnoticias.com.mx\/Portal\/wp-json\/wp\/v2\/categories?post=224928"},{"taxonomy":"post_tag","embeddable":true,"href":"https:\/\/rnoticias.com.mx\/Portal\/wp-json\/wp\/v2\/tags?post=224928"}],"curies":[{"name":"wp","href":"https:\/\/api.w.org\/{rel}","templated":true}]}}