{"id":224922,"date":"2025-07-23T14:05:04","date_gmt":"2025-07-23T21:05:04","guid":{"rendered":"https:\/\/rnoticias.com.mx\/Portal\/?p=224922"},"modified":"2025-07-23T14:05:04","modified_gmt":"2025-07-23T21:05:04","slug":"mexico-descarta-sobrevuelo-de-drones-de-uso-criminal-en-frontera-con-ee-uu","status":"publish","type":"post","link":"https:\/\/rnoticias.com.mx\/Portal\/2025\/07\/23\/mexico-descarta-sobrevuelo-de-drones-de-uso-criminal-en-frontera-con-ee-uu\/","title":{"rendered":"M\u00e9xico descarta sobrevuelo de drones de uso criminal en frontera con EE.UU."},"content":{"rendered":"<p>El titular de la\u00a0<strong>Secretar\u00eda de Marina<\/strong>, Raymundo Pedro Morales \u00c1ngeles, descart\u00f3 la presencia de\u00a0<strong>drones<\/strong>\u00a0manejados por grupos criminales en la frontera con\u00a0<strong>Estados Unidos<\/strong>.<\/p>\n<p>En la conferencia ma\u00f1anera de la presidenta\u00a0<strong>Claudia Sheinbaum<\/strong>, el Almirante explic\u00f3 que \u201clos drones que utiliza la\u00a0<strong>delincuencia<\/strong>\u00a0son comerciales, para recreaci\u00f3n, y se han usado en algunas \u00e1reas para usos criminales, pero no se ha detectado que ese tipo de drones est\u00e9n en la frontera&#8221;.<\/p>\n<p>En tanto, Sheinbaum Pardo record\u00f3 que actualmente est\u00e1 en colaboraci\u00f3n con Estados Unidos a trav\u00e9s de la operaci\u00f3n en la\u00a0<strong>frontera<\/strong>, que incluye a 10 mil elementos de la\u00a0<strong>Guardia Nacional<\/strong>, &#8220;Hay comunicaci\u00f3n, no hay nada digamos en particular de que alertarse en este momento&#8221;, asegur\u00f3.<\/p>\n<p>Las declaraciones se producen luego de que Estados Unidos advirtiera que &#8220;es cuesti\u00f3n de tiempo\u00a0antes de que narco mexicano ataque con drones su territorio&#8221;.<\/p>\n<p>&nbsp;<\/p>\n<p>&nbsp;<\/p>\n<p>Fuente: El Universal<\/p>\n","protected":false},"excerpt":{"rendered":"<p>El titular de la\u00a0Secretar\u00eda de Marina, Raymundo Pedro Morales \u00c1ngeles, descart\u00f3 la presencia de\u00a0drones\u00a0manejados por grupos criminales en la frontera con\u00a0Estados Unidos. En la conferencia ma\u00f1anera de la presidenta\u00a0Claudia Sheinbaum, el Almirante explic\u00f3 que \u201clos drones que utiliza la\u00a0delincuencia\u00a0son comerciales, para recreaci\u00f3n, y se han usado en algunas \u00e1reas para usos criminales, pero no se [&hellip;]<\/p>\n","protected":false},"author":2,"featured_media":224923,"comment_status":"closed","ping_status":"closed","sticky":false,"template":"","format":"standard","meta":{"footnotes":""},"categories":[12870,172],"tags":[12865,12874],"class_list":["post-224922","post","type-post","status-publish","format-standard","has-post-thumbnail","hentry","category-destacadas","category-nacional","tag-destacadas","tag-nacional"],"jetpack_featured_media_url":"https:\/\/rnoticias.com.mx\/Portal\/wp-content\/uploads\/2025\/07\/fb683753b00ebf5457047c3e8616f619_XL-640x426-1.jpg","amp_enabled":true,"_links":{"self":[{"href":"https:\/\/rnoticias.com.mx\/Portal\/wp-json\/wp\/v2\/posts\/224922","targetHints":{"allow":["GET"]}}],"collection":[{"href":"https:\/\/rnoticias.com.mx\/Portal\/wp-json\/wp\/v2\/posts"}],"about":[{"href":"https:\/\/rnoticias.com.mx\/Portal\/wp-json\/wp\/v2\/types\/post"}],"author":[{"embeddable":true,"href":"https:\/\/rnoticias.com.mx\/Portal\/wp-json\/wp\/v2\/users\/2"}],"replies":[{"embeddable":true,"href":"https:\/\/rnoticias.com.mx\/Portal\/wp-json\/wp\/v2\/comments?post=224922"}],"version-history":[{"count":1,"href":"https:\/\/rnoticias.com.mx\/Portal\/wp-json\/wp\/v2\/posts\/224922\/revisions"}],"predecessor-version":[{"id":224924,"href":"https:\/\/rnoticias.com.mx\/Portal\/wp-json\/wp\/v2\/posts\/224922\/revisions\/224924"}],"wp:featuredmedia":[{"embeddable":true,"href":"https:\/\/rnoticias.com.mx\/Portal\/wp-json\/wp\/v2\/media\/224923"}],"wp:attachment":[{"href":"https:\/\/rnoticias.com.mx\/Portal\/wp-json\/wp\/v2\/media?parent=224922"}],"wp:term":[{"taxonomy":"category","embeddable":true,"href":"https:\/\/rnoticias.com.mx\/Portal\/wp-json\/wp\/v2\/categories?post=224922"},{"taxonomy":"post_tag","embeddable":true,"href":"https:\/\/rnoticias.com.mx\/Portal\/wp-json\/wp\/v2\/tags?post=224922"}],"curies":[{"name":"wp","href":"https:\/\/api.w.org\/{rel}","templated":true}]}}