{"id":224913,"date":"2025-07-23T11:26:12","date_gmt":"2025-07-23T18:26:12","guid":{"rendered":"https:\/\/rnoticias.com.mx\/Portal\/?p=224913"},"modified":"2025-07-23T11:26:12","modified_gmt":"2025-07-23T18:26:12","slug":"invita-ayuntamiento-de-hermosillo-a-participar-en-el-concurso-fotografico-luz-y-sombra-de-la-h","status":"publish","type":"post","link":"https:\/\/rnoticias.com.mx\/Portal\/2025\/07\/23\/invita-ayuntamiento-de-hermosillo-a-participar-en-el-concurso-fotografico-luz-y-sombra-de-la-h\/","title":{"rendered":"Invita Ayuntamiento de Hermosillo a participar en el concurso fotogr\u00e1fico \u201cLuz y Sombra de La H\u201d"},"content":{"rendered":"<p>Hermosillo, Sonora; julio de 2025.- Si eres aficionado a la fotograf\u00eda o simplemente te gusta capturar la esencia de tu ciudad, puedes participar en el concurso \u201cLuz y Sombra de La H\u201d, que el Ayuntamiento de Hermosillo impulsa en colaboraci\u00f3n con el Club Fotogr\u00e1fico \u201cLuz y Sombra\u201d, destac\u00f3 Fernanda Cisneros Rodr\u00edguez.<\/p>\n<p>La directora de Desarrollo Tur\u00edstico de la Agencia Municipal de Desarrollo Econ\u00f3mico (AMDE) invit\u00f3 a participar en este concurso que, a trav\u00e9s de la lente ciudadana, busca destacar la belleza y el orgullo de Hermosillo mediante dos categor\u00edas.<\/p>\n<p>\u201cEs muy especial para nosotros poder tener esas fotograf\u00edas, con ese lente de un ciudadano. Tal vez nosotros, desde el punto tur\u00edstico, vemos la promoci\u00f3n de la ciudad de una manera diferente a c\u00f3mo lo ve un ciudadano\u201d, agreg\u00f3.<\/p>\n<p>El concurso se desarrollar\u00e1 en dos categor\u00edas: \u201cNaturaleza Urbana\u201d y \u201cHermosillo y su Gente\u201d, cuyos participantes pueden captar im\u00e1genes tanto con c\u00e1mara fotogr\u00e1fica como con tel\u00e9fono para mostrar la belleza del municipio.<\/p>\n<p>V\u00edctor Hurtado, representante del Club Fotogr\u00e1fico \u201cLuz y Sombra\u201d, motiv\u00f3 a participar en este concurso que incluye premios en efectivo y en especie, adem\u00e1s de una exposici\u00f3n que se llevar\u00e1 a cabo en septiembre, en una de las ediciones de Viactiva.<\/p>\n<p>\u201cUsen toda su creatividad, ya sea con c\u00e1mara fotogr\u00e1fica o tel\u00e9fono. Vamos a calificarlos con criterios como t\u00e9cnica, composici\u00f3n y la emoci\u00f3n transmitida en sus fotograf\u00edas. Las bases est\u00e1n en las redes sociales\u201d, expres\u00f3.<\/p>\n<p>Los premios van desde 5 mil pesos para los primeros lugares, hasta kits fotogr\u00e1ficos para quienes capturen la caracter\u00edstica naturaleza hermosillense, su entorno urbano o el orgullo de su gente.<\/p>\n<p>Agradeci\u00f3 a los patrocinadores Econatura, Foto Color F\u00e1cil y Cuadropolis en la realizaci\u00f3n del evento.<\/p>\n<p>La invitaci\u00f3n est\u00e1 abierta para todas las personas que deseen participar, cuyas bases pueden consultarse en las redes sociales \u201cTurismoHMO\u201d en Facebook y @turismohmo tanto en Instagram como en X.<\/p>\n","protected":false},"excerpt":{"rendered":"<p>Hermosillo, Sonora; julio de 2025.- Si eres aficionado a la fotograf\u00eda o simplemente te gusta capturar la esencia de tu ciudad, puedes participar en el concurso \u201cLuz y Sombra de La H\u201d, que el Ayuntamiento de Hermosillo impulsa en colaboraci\u00f3n con el Club Fotogr\u00e1fico \u201cLuz y Sombra\u201d, destac\u00f3 Fernanda Cisneros Rodr\u00edguez. La directora de Desarrollo [&hellip;]<\/p>\n","protected":false},"author":2,"featured_media":224914,"comment_status":"closed","ping_status":"closed","sticky":false,"template":"","format":"standard","meta":{"footnotes":""},"categories":[12870,178],"tags":[12865,12869],"class_list":["post-224913","post","type-post","status-publish","format-standard","has-post-thumbnail","hentry","category-destacadas","category-local","tag-destacadas","tag-local"],"jetpack_featured_media_url":"https:\/\/rnoticias.com.mx\/Portal\/wp-content\/uploads\/2025\/07\/29f18245-51a1-410f-865f-45079c1a5046.jpg","amp_enabled":true,"_links":{"self":[{"href":"https:\/\/rnoticias.com.mx\/Portal\/wp-json\/wp\/v2\/posts\/224913","targetHints":{"allow":["GET"]}}],"collection":[{"href":"https:\/\/rnoticias.com.mx\/Portal\/wp-json\/wp\/v2\/posts"}],"about":[{"href":"https:\/\/rnoticias.com.mx\/Portal\/wp-json\/wp\/v2\/types\/post"}],"author":[{"embeddable":true,"href":"https:\/\/rnoticias.com.mx\/Portal\/wp-json\/wp\/v2\/users\/2"}],"replies":[{"embeddable":true,"href":"https:\/\/rnoticias.com.mx\/Portal\/wp-json\/wp\/v2\/comments?post=224913"}],"version-history":[{"count":1,"href":"https:\/\/rnoticias.com.mx\/Portal\/wp-json\/wp\/v2\/posts\/224913\/revisions"}],"predecessor-version":[{"id":224915,"href":"https:\/\/rnoticias.com.mx\/Portal\/wp-json\/wp\/v2\/posts\/224913\/revisions\/224915"}],"wp:featuredmedia":[{"embeddable":true,"href":"https:\/\/rnoticias.com.mx\/Portal\/wp-json\/wp\/v2\/media\/224914"}],"wp:attachment":[{"href":"https:\/\/rnoticias.com.mx\/Portal\/wp-json\/wp\/v2\/media?parent=224913"}],"wp:term":[{"taxonomy":"category","embeddable":true,"href":"https:\/\/rnoticias.com.mx\/Portal\/wp-json\/wp\/v2\/categories?post=224913"},{"taxonomy":"post_tag","embeddable":true,"href":"https:\/\/rnoticias.com.mx\/Portal\/wp-json\/wp\/v2\/tags?post=224913"}],"curies":[{"name":"wp","href":"https:\/\/api.w.org\/{rel}","templated":true}]}}