{"id":224907,"date":"2025-07-23T11:24:02","date_gmt":"2025-07-23T18:24:02","guid":{"rendered":"https:\/\/rnoticias.com.mx\/Portal\/?p=224907"},"modified":"2025-07-23T11:24:02","modified_gmt":"2025-07-23T18:24:02","slug":"atiende-gobierno-de-sonora-a-victimas-por-violencia-familiar-en-sonora","status":"publish","type":"post","link":"https:\/\/rnoticias.com.mx\/Portal\/2025\/07\/23\/atiende-gobierno-de-sonora-a-victimas-por-violencia-familiar-en-sonora\/","title":{"rendered":"Atiende Gobierno de Sonora a v\u00edctimas por violencia familiar en Sonora"},"content":{"rendered":"<p>Hermosillo, Sonora; 23 de julio de 2025.- Con atenci\u00f3n especializada y seguimiento a trav\u00e9s del Sistema de Atenci\u00f3n a la Violencia Familiar y de G\u00e9nero (SALVA) de la Secretar\u00eda de Seguridad P\u00fablica (SSP) del Gobierno de Sonora, se ha logrado atender, dar seguimiento y detener a generadores de violencia familiar.<\/p>\n<p>Desde noviembre de 2021 a la fecha, la Polic\u00eda Estatal de Seguridad P\u00fablica (PESP) ha intervenido en la detenci\u00f3n de mil 247 personas reportadas por violencia familiar en diversos municipios del estado.<\/p>\n<p>Para fortalecer la atenci\u00f3n a las v\u00edctimas y brindar un servicio especializado, se conform\u00f3 la Divisi\u00f3n SALVA de la Polic\u00eda Estatal, cuyos elementos trabajan directamente en campo para atender los reportes que se generan a trav\u00e9s de la l\u00ednea de emergencias 9-1-1 y el 089 de denuncia an\u00f3nima.<\/p>\n<p>Durante el presente a\u00f1o, se han registrado m\u00e1s de 154 casos en los que personas han sido detenidas en flagrancia por violencia familiar. Adem\u00e1s, las v\u00edctimas han sido atendidas y canalizadas a zonas seguras, donde se les brinda informaci\u00f3n para interponer una denuncia y recibir atenci\u00f3n integral que proteja su vida.<\/p>\n<p>Comprometida con la seguridad y la prevenci\u00f3n de la violencia hacia personas en situaci\u00f3n de vulnerabilidad, la SSP, a trav\u00e9s de la Polic\u00eda Estatal, difunde informaci\u00f3n para denunciar o prevenir este delito. Para ello, pone a disposici\u00f3n herramientas gratuitas como la l\u00ednea de emergencias 9-1-1, que activa el protocolo SALVA; las Zonas SALVA, a las que se puede acudir en caso de riesgo; y la aplicaci\u00f3n m\u00f3vil Mujeres Seguras.<\/p>\n<p>La Polic\u00eda Estatal continuar\u00e1 capacit\u00e1ndose para brindar atenci\u00f3n oportuna que permita identificar y atender casos de violencia familiar y de g\u00e9nero en Sonora.<\/p>\n","protected":false},"excerpt":{"rendered":"<p>Hermosillo, Sonora; 23 de julio de 2025.- Con atenci\u00f3n especializada y seguimiento a trav\u00e9s del Sistema de Atenci\u00f3n a la Violencia Familiar y de G\u00e9nero (SALVA) de la Secretar\u00eda de Seguridad P\u00fablica (SSP) del Gobierno de Sonora, se ha logrado atender, dar seguimiento y detener a generadores de violencia familiar. Desde noviembre de 2021 a [&hellip;]<\/p>\n","protected":false},"author":2,"featured_media":224908,"comment_status":"closed","ping_status":"closed","sticky":false,"template":"","format":"standard","meta":{"footnotes":""},"categories":[178],"tags":[12869],"class_list":["post-224907","post","type-post","status-publish","format-standard","has-post-thumbnail","hentry","category-local","tag-local"],"jetpack_featured_media_url":"https:\/\/rnoticias.com.mx\/Portal\/wp-content\/uploads\/2025\/07\/532.jpg","amp_enabled":true,"_links":{"self":[{"href":"https:\/\/rnoticias.com.mx\/Portal\/wp-json\/wp\/v2\/posts\/224907","targetHints":{"allow":["GET"]}}],"collection":[{"href":"https:\/\/rnoticias.com.mx\/Portal\/wp-json\/wp\/v2\/posts"}],"about":[{"href":"https:\/\/rnoticias.com.mx\/Portal\/wp-json\/wp\/v2\/types\/post"}],"author":[{"embeddable":true,"href":"https:\/\/rnoticias.com.mx\/Portal\/wp-json\/wp\/v2\/users\/2"}],"replies":[{"embeddable":true,"href":"https:\/\/rnoticias.com.mx\/Portal\/wp-json\/wp\/v2\/comments?post=224907"}],"version-history":[{"count":1,"href":"https:\/\/rnoticias.com.mx\/Portal\/wp-json\/wp\/v2\/posts\/224907\/revisions"}],"predecessor-version":[{"id":224909,"href":"https:\/\/rnoticias.com.mx\/Portal\/wp-json\/wp\/v2\/posts\/224907\/revisions\/224909"}],"wp:featuredmedia":[{"embeddable":true,"href":"https:\/\/rnoticias.com.mx\/Portal\/wp-json\/wp\/v2\/media\/224908"}],"wp:attachment":[{"href":"https:\/\/rnoticias.com.mx\/Portal\/wp-json\/wp\/v2\/media?parent=224907"}],"wp:term":[{"taxonomy":"category","embeddable":true,"href":"https:\/\/rnoticias.com.mx\/Portal\/wp-json\/wp\/v2\/categories?post=224907"},{"taxonomy":"post_tag","embeddable":true,"href":"https:\/\/rnoticias.com.mx\/Portal\/wp-json\/wp\/v2\/tags?post=224907"}],"curies":[{"name":"wp","href":"https:\/\/api.w.org\/{rel}","templated":true}]}}