{"id":224901,"date":"2025-07-23T11:21:54","date_gmt":"2025-07-23T18:21:54","guid":{"rendered":"https:\/\/rnoticias.com.mx\/Portal\/?p=224901"},"modified":"2025-07-23T11:21:54","modified_gmt":"2025-07-23T18:21:54","slug":"ampliara-gobierno-de-sonora-estrategia-de-aprendizajes-fundamentales-a-todas-las-primarias-sec","status":"publish","type":"post","link":"https:\/\/rnoticias.com.mx\/Portal\/2025\/07\/23\/ampliara-gobierno-de-sonora-estrategia-de-aprendizajes-fundamentales-a-todas-las-primarias-sec\/","title":{"rendered":"Ampliar\u00e1 Gobierno de Sonora estrategia de aprendizajes fundamentales a todas las primarias: SEC"},"content":{"rendered":"<p>Hermosillo, Sonora; 23 de julio de 2025.- Para beneficiar a m\u00e1s de 120 mil estudiantes de primero a tercer grado de primaria, con materiales, docentes y figuras de acompa\u00f1amiento altamente capacitados, el Gobierno de Sonora ampliar\u00e1 la Estrategia Integral de Aprendizajes Fundamentales (EIAF) al 100 por ciento de las escuelas durante el ciclo escolar 2025-2026.<\/p>\n<p>A trav\u00e9s de la Secretar\u00eda de Educaci\u00f3n y Cultura (SEC), se inici\u00f3 la implementaci\u00f3n de dicha estrategia en 2023, la cual est\u00e1 avalada por la Unesco y busca que un mayor n\u00famero de ni\u00f1as y ni\u00f1os mejoren sus conocimientos y habilidades en lenguaje para lograr su alfabetizaci\u00f3n.<\/p>\n<p>El titular de la SEC, Froyl\u00e1n G\u00e1mez Gamboa, destac\u00f3 la colaboraci\u00f3n con Fundaci\u00f3n Coppel, Instituto Natura, Unesco, Faro Social y Educativo, V\u00eda Educaci\u00f3n y Fundaci\u00f3n Zorro Rojo, como parte de una pol\u00edtica p\u00fablica de fortalecimiento a la profesionalizaci\u00f3n de la estructura educativa.<\/p>\n<p>En la implementaci\u00f3n de la estrategia participar\u00e1n docentes, jefes de sector y figuras educativas, quienes recibir\u00e1n material did\u00e1ctico, formaci\u00f3n continua y acompa\u00f1amiento, con el prop\u00f3sito de fortalecer una metodolog\u00eda enfocada en la adquisici\u00f3n y consolidaci\u00f3n de la alfabetizaci\u00f3n inicial del alumnado.<\/p>\n<p>Durante una reuni\u00f3n de an\u00e1lisis sobre la evoluci\u00f3n de la EIAF, la subsecretaria de Pol\u00edticas Educativas para la Transformaci\u00f3n, Guadalupe Gonz\u00e1lez Liz\u00e1rraga, y el director general de Educaci\u00f3n Primaria, Pablo Salom\u00f3n Montiel, abordaron los logros, fortalezas y desaf\u00edos para el pr\u00f3ximo ciclo escolar, as\u00ed como las condiciones necesarias para cumplir con el objetivo de cubrir la totalidad de las primarias.<\/p>\n<p>Como resultado de la jornada, se establecieron 26 acuerdos estrat\u00e9gicos y operativos, relacionados con los seis componentes de la EIAF, a los que se dar\u00e1 seguimiento en las sesiones de Mesa T\u00e9cnica y a nivel operativo cada semana, a fin de que, al inicio del ciclo escolar 2025-2026, se cuente con todas las condiciones necesarias para lograr los objetivos de la EIAF en todas las primarias del estado.<\/p>\n","protected":false},"excerpt":{"rendered":"<p>Hermosillo, Sonora; 23 de julio de 2025.- Para beneficiar a m\u00e1s de 120 mil estudiantes de primero a tercer grado de primaria, con materiales, docentes y figuras de acompa\u00f1amiento altamente capacitados, el Gobierno de Sonora ampliar\u00e1 la Estrategia Integral de Aprendizajes Fundamentales (EIAF) al 100 por ciento de las escuelas durante el ciclo escolar 2025-2026. [&hellip;]<\/p>\n","protected":false},"author":2,"featured_media":224902,"comment_status":"closed","ping_status":"closed","sticky":false,"template":"","format":"standard","meta":{"footnotes":""},"categories":[178],"tags":[12869],"class_list":["post-224901","post","type-post","status-publish","format-standard","has-post-thumbnail","hentry","category-local","tag-local"],"jetpack_featured_media_url":"https:\/\/rnoticias.com.mx\/Portal\/wp-content\/uploads\/2025\/07\/86.jpg","amp_enabled":true,"_links":{"self":[{"href":"https:\/\/rnoticias.com.mx\/Portal\/wp-json\/wp\/v2\/posts\/224901","targetHints":{"allow":["GET"]}}],"collection":[{"href":"https:\/\/rnoticias.com.mx\/Portal\/wp-json\/wp\/v2\/posts"}],"about":[{"href":"https:\/\/rnoticias.com.mx\/Portal\/wp-json\/wp\/v2\/types\/post"}],"author":[{"embeddable":true,"href":"https:\/\/rnoticias.com.mx\/Portal\/wp-json\/wp\/v2\/users\/2"}],"replies":[{"embeddable":true,"href":"https:\/\/rnoticias.com.mx\/Portal\/wp-json\/wp\/v2\/comments?post=224901"}],"version-history":[{"count":1,"href":"https:\/\/rnoticias.com.mx\/Portal\/wp-json\/wp\/v2\/posts\/224901\/revisions"}],"predecessor-version":[{"id":224903,"href":"https:\/\/rnoticias.com.mx\/Portal\/wp-json\/wp\/v2\/posts\/224901\/revisions\/224903"}],"wp:featuredmedia":[{"embeddable":true,"href":"https:\/\/rnoticias.com.mx\/Portal\/wp-json\/wp\/v2\/media\/224902"}],"wp:attachment":[{"href":"https:\/\/rnoticias.com.mx\/Portal\/wp-json\/wp\/v2\/media?parent=224901"}],"wp:term":[{"taxonomy":"category","embeddable":true,"href":"https:\/\/rnoticias.com.mx\/Portal\/wp-json\/wp\/v2\/categories?post=224901"},{"taxonomy":"post_tag","embeddable":true,"href":"https:\/\/rnoticias.com.mx\/Portal\/wp-json\/wp\/v2\/tags?post=224901"}],"curies":[{"name":"wp","href":"https:\/\/api.w.org\/{rel}","templated":true}]}}