{"id":224880,"date":"2025-07-23T10:47:55","date_gmt":"2025-07-23T17:47:55","guid":{"rendered":"https:\/\/rnoticias.com.mx\/Portal\/?p=224880"},"modified":"2025-07-23T10:47:55","modified_gmt":"2025-07-23T17:47:55","slug":"critican-a-legislador-y-la-camara-de-diputados-por-lamentar-muerte-de-ozzy-osbourne","status":"publish","type":"post","link":"https:\/\/rnoticias.com.mx\/Portal\/2025\/07\/23\/critican-a-legislador-y-la-camara-de-diputados-por-lamentar-muerte-de-ozzy-osbourne\/","title":{"rendered":"Critican a legislador y la C\u00e1mara de Diputados por lamentar muerte de Ozzy Osbourne"},"content":{"rendered":"<p>Sergio Guti\u00e9rrez Luna, presidente de la\u00a0<strong>C\u00e1mara de Diputados<\/strong>, recibi\u00f3 una serie de cr\u00edticas luego de que us\u00f3 la cuenta del recinto legislativo en X para lamentar la muerte de\u00a0<strong>Ozzy Osbourne<\/strong>, exvocalista de Black Sabbath.<\/p>\n<p>\u201cEl Presidente de la C\u00e1mara de Diputados lamenta profundamente el fallecimiento de John Michael, Ozzy Osbourne, \u00edcono global del heavy metal y figura influyente en la cultura contempor\u00e1nea. Su legado ser\u00e1 inmortal\u201d, se lee en la\u00a0<strong>esquela<\/strong>\u00a0que public\u00f3.<\/p>\n<p>El legislador dijo que el\u00a0<strong>legado musical<\/strong>\u00a0de Osbourne \u201cperdurar\u00e1 como testimonio de una trayectoria influyente y trascendental. Su legado ser\u00e1 inmortal\u201d.<\/p>\n<p>No obstante, la esquela publicada desde la\u00a0<strong>cuenta oficial<\/strong>\u00a0de la C\u00e1mara de Diputados gener\u00f3 las cr\u00edticas De los internautas, quienes recordaron la situaci\u00f3n de\u00a0<strong>violencia<\/strong>\u00a0que se vive en el pa\u00eds y el caso \u2018Dato Protegido\u2019.<\/p>\n<p>\u201cEstoy esperando la esquela para miles de personas desaparecidas de manera forzada y localizadas sin vida; una esquela para v\u00edctima de feminicidio, transfeminicidio\u2026\u201d, dice uno de los\u00a0<strong>comentarios<\/strong>.<\/p>\n<div class=\"twitter-tweet twitter-tweet-rendered\"><\/div>\n<p>&nbsp;<\/p>\n<p>Fuente: AN<\/p>\n","protected":false},"excerpt":{"rendered":"<p>Sergio Guti\u00e9rrez Luna, presidente de la\u00a0C\u00e1mara de Diputados, recibi\u00f3 una serie de cr\u00edticas luego de que us\u00f3 la cuenta del recinto legislativo en X para lamentar la muerte de\u00a0Ozzy Osbourne, exvocalista de Black Sabbath. \u201cEl Presidente de la C\u00e1mara de Diputados lamenta profundamente el fallecimiento de John Michael, Ozzy Osbourne, \u00edcono global del heavy metal [&hellip;]<\/p>\n","protected":false},"author":2,"featured_media":224881,"comment_status":"closed","ping_status":"closed","sticky":false,"template":"","format":"standard","meta":{"footnotes":""},"categories":[12870,172],"tags":[12865,12874],"class_list":["post-224880","post","type-post","status-publish","format-standard","has-post-thumbnail","hentry","category-destacadas","category-nacional","tag-destacadas","tag-nacional"],"jetpack_featured_media_url":"https:\/\/rnoticias.com.mx\/Portal\/wp-content\/uploads\/2025\/07\/0-grande-2.jpg","amp_enabled":true,"_links":{"self":[{"href":"https:\/\/rnoticias.com.mx\/Portal\/wp-json\/wp\/v2\/posts\/224880","targetHints":{"allow":["GET"]}}],"collection":[{"href":"https:\/\/rnoticias.com.mx\/Portal\/wp-json\/wp\/v2\/posts"}],"about":[{"href":"https:\/\/rnoticias.com.mx\/Portal\/wp-json\/wp\/v2\/types\/post"}],"author":[{"embeddable":true,"href":"https:\/\/rnoticias.com.mx\/Portal\/wp-json\/wp\/v2\/users\/2"}],"replies":[{"embeddable":true,"href":"https:\/\/rnoticias.com.mx\/Portal\/wp-json\/wp\/v2\/comments?post=224880"}],"version-history":[{"count":1,"href":"https:\/\/rnoticias.com.mx\/Portal\/wp-json\/wp\/v2\/posts\/224880\/revisions"}],"predecessor-version":[{"id":224882,"href":"https:\/\/rnoticias.com.mx\/Portal\/wp-json\/wp\/v2\/posts\/224880\/revisions\/224882"}],"wp:featuredmedia":[{"embeddable":true,"href":"https:\/\/rnoticias.com.mx\/Portal\/wp-json\/wp\/v2\/media\/224881"}],"wp:attachment":[{"href":"https:\/\/rnoticias.com.mx\/Portal\/wp-json\/wp\/v2\/media?parent=224880"}],"wp:term":[{"taxonomy":"category","embeddable":true,"href":"https:\/\/rnoticias.com.mx\/Portal\/wp-json\/wp\/v2\/categories?post=224880"},{"taxonomy":"post_tag","embeddable":true,"href":"https:\/\/rnoticias.com.mx\/Portal\/wp-json\/wp\/v2\/tags?post=224880"}],"curies":[{"name":"wp","href":"https:\/\/api.w.org\/{rel}","templated":true}]}}