{"id":224877,"date":"2025-07-23T10:46:34","date_gmt":"2025-07-23T17:46:34","guid":{"rendered":"https:\/\/rnoticias.com.mx\/Portal\/?p=224877"},"modified":"2025-07-23T10:46:34","modified_gmt":"2025-07-23T17:46:34","slug":"suma-policia-preventiva-mas-detenidos-por-delitos-en-operativos-pie-tierra-y-aire","status":"publish","type":"post","link":"https:\/\/rnoticias.com.mx\/Portal\/2025\/07\/23\/suma-policia-preventiva-mas-detenidos-por-delitos-en-operativos-pie-tierra-y-aire\/","title":{"rendered":"Suma Polic\u00eda Preventiva m\u00e1s detenidos por delitos, en operativos pie tierra y aire"},"content":{"rendered":"<div dir=\"auto\"><b>Hermosillo, Sonora a 23 de julio del 2025.- <\/b>La<b>\u00a0<\/b>Polic\u00eda Preventiva en patrullaje pie tierra y aire,\u00a0 detuvo a un total de 336 personas en diferentes puntos de la ciudad. De esas aprehensiones, 93 corresponden a personas relacionadas con delitos.<\/div>\n<div dir=\"auto\"><\/div>\n<div dir=\"auto\">Del 14 al 20 de julio a 243 presentaron ante el Juez Calificador, 52 al Ministerio P\u00fablico del Fuero Com\u00fan, 40 a la federaci\u00f3n y un menor al Itama.<\/div>\n<div dir=\"auto\"><\/div>\n<div dir=\"auto\">Durante los operativos tambi\u00e9n se lograron la incautaci\u00f3n de diversos objetos y sustancias il\u00edcitas, entre ellas: seis armas de fuego, 28 objetos punzocortantes y 34 dosis de drogas.<\/div>\n<div dir=\"auto\"><\/div>\n<div dir=\"auto\">Adem\u00e1s, recuperaron dos autos robados y dieron atenci\u00f3n a 399 reportes de m\u00fasica en alto volumen y\/o fiestas ruidosas, de las cuales se elaboraron siete Informes Policiales Homologados.<\/div>\n<div dir=\"auto\"><\/div>\n<div dir=\"auto\">Estas acciones refuerzan el compromiso de la Polic\u00eda Preventiva de mantener la seguridad y el orden en la ciudad.<\/div>\n<div dir=\"auto\"><\/div>\n<div dir=\"auto\">La Polic\u00eda de Hermosillo contin\u00faa trabajando arduamente para prevenir el delito y proteger a la ciudadan\u00eda, en coordinaci\u00f3n con otras corporaciones y apoyados del grupo EscuaDrones de la corporaci\u00f3n municipal.<\/div>\n","protected":false},"excerpt":{"rendered":"<p>Hermosillo, Sonora a 23 de julio del 2025.- La\u00a0Polic\u00eda Preventiva en patrullaje pie tierra y aire,\u00a0 detuvo a un total de 336 personas en diferentes puntos de la ciudad. De esas aprehensiones, 93 corresponden a personas relacionadas con delitos. Del 14 al 20 de julio a 243 presentaron ante el Juez Calificador, 52 al Ministerio [&hellip;]<\/p>\n","protected":false},"author":2,"featured_media":224878,"comment_status":"closed","ping_status":"closed","sticky":false,"template":"","format":"standard","meta":{"footnotes":""},"categories":[12870,178],"tags":[12865,12869],"class_list":["post-224877","post","type-post","status-publish","format-standard","has-post-thumbnail","hentry","category-destacadas","category-local","tag-destacadas","tag-local"],"jetpack_featured_media_url":"https:\/\/rnoticias.com.mx\/Portal\/wp-content\/uploads\/2025\/07\/unnamed-72.jpg","amp_enabled":true,"_links":{"self":[{"href":"https:\/\/rnoticias.com.mx\/Portal\/wp-json\/wp\/v2\/posts\/224877","targetHints":{"allow":["GET"]}}],"collection":[{"href":"https:\/\/rnoticias.com.mx\/Portal\/wp-json\/wp\/v2\/posts"}],"about":[{"href":"https:\/\/rnoticias.com.mx\/Portal\/wp-json\/wp\/v2\/types\/post"}],"author":[{"embeddable":true,"href":"https:\/\/rnoticias.com.mx\/Portal\/wp-json\/wp\/v2\/users\/2"}],"replies":[{"embeddable":true,"href":"https:\/\/rnoticias.com.mx\/Portal\/wp-json\/wp\/v2\/comments?post=224877"}],"version-history":[{"count":1,"href":"https:\/\/rnoticias.com.mx\/Portal\/wp-json\/wp\/v2\/posts\/224877\/revisions"}],"predecessor-version":[{"id":224879,"href":"https:\/\/rnoticias.com.mx\/Portal\/wp-json\/wp\/v2\/posts\/224877\/revisions\/224879"}],"wp:featuredmedia":[{"embeddable":true,"href":"https:\/\/rnoticias.com.mx\/Portal\/wp-json\/wp\/v2\/media\/224878"}],"wp:attachment":[{"href":"https:\/\/rnoticias.com.mx\/Portal\/wp-json\/wp\/v2\/media?parent=224877"}],"wp:term":[{"taxonomy":"category","embeddable":true,"href":"https:\/\/rnoticias.com.mx\/Portal\/wp-json\/wp\/v2\/categories?post=224877"},{"taxonomy":"post_tag","embeddable":true,"href":"https:\/\/rnoticias.com.mx\/Portal\/wp-json\/wp\/v2\/tags?post=224877"}],"curies":[{"name":"wp","href":"https:\/\/api.w.org\/{rel}","templated":true}]}}