{"id":224847,"date":"2025-07-22T20:58:11","date_gmt":"2025-07-23T03:58:11","guid":{"rendered":"https:\/\/rnoticias.com.mx\/Portal\/?p=224847"},"modified":"2025-07-22T20:58:11","modified_gmt":"2025-07-23T03:58:11","slug":"jugadoras-de-chivas-en-contra-de-las-declaraciones-de-chicharito","status":"publish","type":"post","link":"https:\/\/rnoticias.com.mx\/Portal\/2025\/07\/22\/jugadoras-de-chivas-en-contra-de-las-declaraciones-de-chicharito\/","title":{"rendered":"Jugadoras de Chivas en contra de las declaraciones de Chicharito"},"content":{"rendered":"<p>En los recientes d\u00edas\u00a0<strong>Javier \u201cChicharito\u201d Hern\u00e1ndez ha estado compartiendo mensajes pol\u00e9micos en sus redes sociales<\/strong>, videos con mensajes que se han catalogado como machistas, y han causado una ola de cr\u00edticas hacia el jugador, y ahora varias jugadoras de Chivas Femenil se han sumado a las cr\u00edticas.<\/p>\n<p>Jugadoras como Blanca F\u00e9lix, Joselyn de la Rosa y Daniela Delgado<strong>\u00a0compartieron en sus redes sociales el mensaje de Mariana Valle,<\/strong>\u00a0una activista que le respondi\u00f3 a Javier Hern\u00e1ndez.<\/p>\n<p>Sumado a esto tambi\u00e9n est\u00e1n las palabras de la presidenta de la Liga MX Femenil, Mariana Guti\u00e9rrez, que habl\u00f3 sobre una posible sanci\u00f3n para el delantero de las Chivas, &#8220;L<strong>a liga tiene un protocolo claro, un reglamento.\u00a0<\/strong>Lo m\u00e1s claro de ese protocolo y de esa metodolog\u00eda fue entender cu\u00e1les son las buenas y cu\u00e1les son las malas conductas, y la Liga MX Femenil siempre, siempre, siempre va a estar reforzando esto&#8221;. Esto durante la presentaci\u00f3n del Juego de Estrella frente al Futbol Club Barcelona.<\/p>\n<p>A pesar de las declaraciones de la presidenta de la liga y el claro rechazo compartido por las jugadoras de Chivas,\u00a0<strong>el club no ha emitido ninguna postura acerca de esta situaci\u00f3n.<\/strong><\/p>\n<p>&nbsp;<\/p>\n<p>&nbsp;<\/p>\n<p>Fuente: El Universal<\/p>\n","protected":false},"excerpt":{"rendered":"<p>En los recientes d\u00edas\u00a0Javier \u201cChicharito\u201d Hern\u00e1ndez ha estado compartiendo mensajes pol\u00e9micos en sus redes sociales, videos con mensajes que se han catalogado como machistas, y han causado una ola de cr\u00edticas hacia el jugador, y ahora varias jugadoras de Chivas Femenil se han sumado a las cr\u00edticas. Jugadoras como Blanca F\u00e9lix, Joselyn de la Rosa [&hellip;]<\/p>\n","protected":false},"author":2,"featured_media":224848,"comment_status":"closed","ping_status":"closed","sticky":false,"template":"","format":"standard","meta":{"footnotes":""},"categories":[188,12870],"tags":[5231,12865],"class_list":["post-224847","post","type-post","status-publish","format-standard","has-post-thumbnail","hentry","category-deportes","category-destacadas","tag-deportes","tag-destacadas"],"jetpack_featured_media_url":"https:\/\/rnoticias.com.mx\/Portal\/wp-content\/uploads\/2025\/07\/f1280x720-124803_256478_5050.jpg","amp_enabled":true,"_links":{"self":[{"href":"https:\/\/rnoticias.com.mx\/Portal\/wp-json\/wp\/v2\/posts\/224847","targetHints":{"allow":["GET"]}}],"collection":[{"href":"https:\/\/rnoticias.com.mx\/Portal\/wp-json\/wp\/v2\/posts"}],"about":[{"href":"https:\/\/rnoticias.com.mx\/Portal\/wp-json\/wp\/v2\/types\/post"}],"author":[{"embeddable":true,"href":"https:\/\/rnoticias.com.mx\/Portal\/wp-json\/wp\/v2\/users\/2"}],"replies":[{"embeddable":true,"href":"https:\/\/rnoticias.com.mx\/Portal\/wp-json\/wp\/v2\/comments?post=224847"}],"version-history":[{"count":1,"href":"https:\/\/rnoticias.com.mx\/Portal\/wp-json\/wp\/v2\/posts\/224847\/revisions"}],"predecessor-version":[{"id":224849,"href":"https:\/\/rnoticias.com.mx\/Portal\/wp-json\/wp\/v2\/posts\/224847\/revisions\/224849"}],"wp:featuredmedia":[{"embeddable":true,"href":"https:\/\/rnoticias.com.mx\/Portal\/wp-json\/wp\/v2\/media\/224848"}],"wp:attachment":[{"href":"https:\/\/rnoticias.com.mx\/Portal\/wp-json\/wp\/v2\/media?parent=224847"}],"wp:term":[{"taxonomy":"category","embeddable":true,"href":"https:\/\/rnoticias.com.mx\/Portal\/wp-json\/wp\/v2\/categories?post=224847"},{"taxonomy":"post_tag","embeddable":true,"href":"https:\/\/rnoticias.com.mx\/Portal\/wp-json\/wp\/v2\/tags?post=224847"}],"curies":[{"name":"wp","href":"https:\/\/api.w.org\/{rel}","templated":true}]}}