{"id":224844,"date":"2025-07-22T20:56:49","date_gmt":"2025-07-23T03:56:49","guid":{"rendered":"https:\/\/rnoticias.com.mx\/Portal\/?p=224844"},"modified":"2025-07-22T20:56:49","modified_gmt":"2025-07-23T03:56:49","slug":"gobierno-de-sonora-impulsa-fines-de-semana-culturales-y-educativos-en-la-sauceda","status":"publish","type":"post","link":"https:\/\/rnoticias.com.mx\/Portal\/2025\/07\/22\/gobierno-de-sonora-impulsa-fines-de-semana-culturales-y-educativos-en-la-sauceda\/","title":{"rendered":"Gobierno de Sonora impulsa fines de semana culturales y educativos en La Sauceda"},"content":{"rendered":"<p>Hermosillo, Sonora; 21 de julio de 2025.- El Bosque Urbano La Sauceda reuni\u00f3 este fin de semana a cientos de personas en un programa cultural, ambiental e infantil, reafirmando su papel como un espacio de encuentro, aprendizaje y recreaci\u00f3n para la comunidad hermosillense.<\/p>\n<p>El viernes 18 de julio dio inicio con la charla \u201cEconversando: Hongos del Cerro Johnson\u201d, impartida por integrantes de la organizaci\u00f3n Naturalmente Divertido A.C., quienes compartieron saberes sobre la biodiversidad f\u00fangica local y su importancia ecol\u00f3gica.<\/p>\n<p>Durante el s\u00e1bado 19 y domingo 20 se llevaron a cabo jornadas de reforestaci\u00f3n desde las 6:00 a.m., en las que participaron voluntarias y voluntarios en labores de plantaci\u00f3n y recuperaci\u00f3n de suelos en distintas \u00e1reas del bosque.<\/p>\n<p>Las actividades culturales y educativas incluyeron:<\/p>\n<p>* Talleres de cer\u00e1mica sonorense<\/p>\n<p>* Taller libre de percusiones con ritmos del mundo<\/p>\n<p>* Taller de encuadernado cartonero<\/p>\n<p>* Sesi\u00f3n de cianotipia con impresi\u00f3n floral<\/p>\n<p>* Charla-taller infantil titulada \u201cIntroducci\u00f3n al conocimiento del reino fungi\u201d, donde ni\u00f1as y ni\u00f1os pintaron hongos de yeso y aprendieron m\u00e1s sobre estos organismos<\/p>\n<p>El programa infantil destac\u00f3 con la actividad Peque\u00f1os Guardabosques, en la que las infancias exploraron el \u00e1rea del humedal con binoculares, identificaron aves y recibieron una gu\u00eda ilustrada para colorear, con informaci\u00f3n sobre las especies locales.<\/p>\n<p>El fin de semana cerr\u00f3 con el Domingo Chill: Fusi\u00f3n Alternativa, un evento musical con presentaciones de Las Garmendias, Gato Andaluz y Falsa Alarma, en el foro al aire libre.<\/p>\n<p>Cada actividad reafirma el compromiso del Gobierno de Sonora y de la comunidad con la protecci\u00f3n del medio ambiente, la educaci\u00f3n ambiental y la construcci\u00f3n colectiva de espacios p\u00fablicos significativos.<\/p>\n","protected":false},"excerpt":{"rendered":"<p>Hermosillo, Sonora; 21 de julio de 2025.- El Bosque Urbano La Sauceda reuni\u00f3 este fin de semana a cientos de personas en un programa cultural, ambiental e infantil, reafirmando su papel como un espacio de encuentro, aprendizaje y recreaci\u00f3n para la comunidad hermosillense. El viernes 18 de julio dio inicio con la charla \u201cEconversando: Hongos [&hellip;]<\/p>\n","protected":false},"author":2,"featured_media":224845,"comment_status":"closed","ping_status":"closed","sticky":false,"template":"","format":"standard","meta":{"footnotes":""},"categories":[178],"tags":[12869],"class_list":["post-224844","post","type-post","status-publish","format-standard","has-post-thumbnail","hentry","category-local","tag-local"],"jetpack_featured_media_url":"https:\/\/rnoticias.com.mx\/Portal\/wp-content\/uploads\/2025\/07\/unnamed-4-1.jpg","amp_enabled":true,"_links":{"self":[{"href":"https:\/\/rnoticias.com.mx\/Portal\/wp-json\/wp\/v2\/posts\/224844","targetHints":{"allow":["GET"]}}],"collection":[{"href":"https:\/\/rnoticias.com.mx\/Portal\/wp-json\/wp\/v2\/posts"}],"about":[{"href":"https:\/\/rnoticias.com.mx\/Portal\/wp-json\/wp\/v2\/types\/post"}],"author":[{"embeddable":true,"href":"https:\/\/rnoticias.com.mx\/Portal\/wp-json\/wp\/v2\/users\/2"}],"replies":[{"embeddable":true,"href":"https:\/\/rnoticias.com.mx\/Portal\/wp-json\/wp\/v2\/comments?post=224844"}],"version-history":[{"count":1,"href":"https:\/\/rnoticias.com.mx\/Portal\/wp-json\/wp\/v2\/posts\/224844\/revisions"}],"predecessor-version":[{"id":224846,"href":"https:\/\/rnoticias.com.mx\/Portal\/wp-json\/wp\/v2\/posts\/224844\/revisions\/224846"}],"wp:featuredmedia":[{"embeddable":true,"href":"https:\/\/rnoticias.com.mx\/Portal\/wp-json\/wp\/v2\/media\/224845"}],"wp:attachment":[{"href":"https:\/\/rnoticias.com.mx\/Portal\/wp-json\/wp\/v2\/media?parent=224844"}],"wp:term":[{"taxonomy":"category","embeddable":true,"href":"https:\/\/rnoticias.com.mx\/Portal\/wp-json\/wp\/v2\/categories?post=224844"},{"taxonomy":"post_tag","embeddable":true,"href":"https:\/\/rnoticias.com.mx\/Portal\/wp-json\/wp\/v2\/tags?post=224844"}],"curies":[{"name":"wp","href":"https:\/\/api.w.org\/{rel}","templated":true}]}}