{"id":224841,"date":"2025-07-22T20:56:03","date_gmt":"2025-07-23T03:56:03","guid":{"rendered":"https:\/\/rnoticias.com.mx\/Portal\/?p=224841"},"modified":"2025-07-22T20:56:03","modified_gmt":"2025-07-23T03:56:03","slug":"gobierno-de-sonora-entrega-mas-de-mil-lentes-en-el-poblado-miguel-aleman","status":"publish","type":"post","link":"https:\/\/rnoticias.com.mx\/Portal\/2025\/07\/22\/gobierno-de-sonora-entrega-mas-de-mil-lentes-en-el-poblado-miguel-aleman\/","title":{"rendered":"Gobierno de Sonora entrega m\u00e1s de mil lentes en el Poblado Miguel Alem\u00e1n"},"content":{"rendered":"<p>Hermosillo, Sonora; 22 de julio de 2025.- Como parte del seguimiento a la jornada visual \u201cMirada Clara\u201d, realizada meses atr\u00e1s en el Poblado Miguel Alem\u00e1n, el Gobierno de Sonora entreg\u00f3 mil 64 lentes a personas previamente valoradas, en coordinaci\u00f3n con el Club Rotario Hermosillo Pitic, el Patronato de la Costa de Hermosillo IAP y organizaciones internacionales.<\/p>\n<p>En esta ocasi\u00f3n se entregaron lentes de lectura, de sol y graduados hechos a la medida, como resultado de las valoraciones oftalmol\u00f3gicas efectuadas durante la jornada anterior, en la que se atendi\u00f3 a m\u00e1s de mil 800 personas de la comunidad. Asimismo, se identificaron casos que requieren cirug\u00eda oftalmol\u00f3gica, los cuales ya est\u00e1n siendo canalizados para su atenci\u00f3n m\u00e9dica correspondiente.<\/p>\n<p>El secretario de Bienestar, Fernando Rojo de la Vega Molina, destac\u00f3 que este programa responde al compromiso del gobernador Alfonso Durazo Monta\u00f1o de acercar servicios de salud con enfoque social y atender directamente a quienes m\u00e1s lo necesitan.<\/p>\n<p>\u201cGracias al liderazgo del gobernador Alfonso Durazo, estas jornadas son posibles. Porque ver bien no solo mejora la vista, mejora la vida\u201d, expres\u00f3 el funcionario estatal durante su mensaje.<\/p>\n<p>La entrega fue posible gracias al trabajo conjunto con VOSH International, Global Eye Care Academy y un equipo de voluntarios nacionales e internacionales que participaron en el proceso de fabricaci\u00f3n y adaptaci\u00f3n de los lentes.<\/p>\n<p>Como parte del acompa\u00f1amiento institucional, tambi\u00e9n estuvieron presentes m\u00f3dulos de la Secretar\u00eda de Salud, el Sistema DIF Sonora y el Registro Civil, brindando atenci\u00f3n ciudadana, aplicaci\u00f3n de sueros, desparasitaci\u00f3n de mascotas y entrega de actas de nacimiento.<\/p>\n","protected":false},"excerpt":{"rendered":"<p>Hermosillo, Sonora; 22 de julio de 2025.- Como parte del seguimiento a la jornada visual \u201cMirada Clara\u201d, realizada meses atr\u00e1s en el Poblado Miguel Alem\u00e1n, el Gobierno de Sonora entreg\u00f3 mil 64 lentes a personas previamente valoradas, en coordinaci\u00f3n con el Club Rotario Hermosillo Pitic, el Patronato de la Costa de Hermosillo IAP y organizaciones [&hellip;]<\/p>\n","protected":false},"author":2,"featured_media":224842,"comment_status":"closed","ping_status":"closed","sticky":false,"template":"","format":"standard","meta":{"footnotes":""},"categories":[12870,178],"tags":[12865,12869],"class_list":["post-224841","post","type-post","status-publish","format-standard","has-post-thumbnail","hentry","category-destacadas","category-local","tag-destacadas","tag-local"],"jetpack_featured_media_url":"https:\/\/rnoticias.com.mx\/Portal\/wp-content\/uploads\/2025\/07\/unnamed-3-6.jpg","amp_enabled":true,"_links":{"self":[{"href":"https:\/\/rnoticias.com.mx\/Portal\/wp-json\/wp\/v2\/posts\/224841","targetHints":{"allow":["GET"]}}],"collection":[{"href":"https:\/\/rnoticias.com.mx\/Portal\/wp-json\/wp\/v2\/posts"}],"about":[{"href":"https:\/\/rnoticias.com.mx\/Portal\/wp-json\/wp\/v2\/types\/post"}],"author":[{"embeddable":true,"href":"https:\/\/rnoticias.com.mx\/Portal\/wp-json\/wp\/v2\/users\/2"}],"replies":[{"embeddable":true,"href":"https:\/\/rnoticias.com.mx\/Portal\/wp-json\/wp\/v2\/comments?post=224841"}],"version-history":[{"count":1,"href":"https:\/\/rnoticias.com.mx\/Portal\/wp-json\/wp\/v2\/posts\/224841\/revisions"}],"predecessor-version":[{"id":224843,"href":"https:\/\/rnoticias.com.mx\/Portal\/wp-json\/wp\/v2\/posts\/224841\/revisions\/224843"}],"wp:featuredmedia":[{"embeddable":true,"href":"https:\/\/rnoticias.com.mx\/Portal\/wp-json\/wp\/v2\/media\/224842"}],"wp:attachment":[{"href":"https:\/\/rnoticias.com.mx\/Portal\/wp-json\/wp\/v2\/media?parent=224841"}],"wp:term":[{"taxonomy":"category","embeddable":true,"href":"https:\/\/rnoticias.com.mx\/Portal\/wp-json\/wp\/v2\/categories?post=224841"},{"taxonomy":"post_tag","embeddable":true,"href":"https:\/\/rnoticias.com.mx\/Portal\/wp-json\/wp\/v2\/tags?post=224841"}],"curies":[{"name":"wp","href":"https:\/\/api.w.org\/{rel}","templated":true}]}}