{"id":224838,"date":"2025-07-22T20:55:18","date_gmt":"2025-07-23T03:55:18","guid":{"rendered":"https:\/\/rnoticias.com.mx\/Portal\/?p=224838"},"modified":"2025-07-22T20:55:18","modified_gmt":"2025-07-23T03:55:18","slug":"gobierno-de-sonora-obtiene-certificacion-por-promover-espacios-libres-de-violencia-en-el-c5i","status":"publish","type":"post","link":"https:\/\/rnoticias.com.mx\/Portal\/2025\/07\/22\/gobierno-de-sonora-obtiene-certificacion-por-promover-espacios-libres-de-violencia-en-el-c5i\/","title":{"rendered":"Gobierno de Sonora obtiene certificaci\u00f3n por promover espacios libres de violencia en el C5I"},"content":{"rendered":"<p>Hermosillo, Sonora; 22 de julio de 2025.\u2013 Por ser la seguridad de las mujeres una prioridad para el Gobierno de Sonora, el Centro de Control, Comando, Comunicaci\u00f3n, C\u00f3mputo, Coordinaci\u00f3n e Inteligencia (C5i) Hermosillo fue certificado por Hermas SC como un recinto de trabajo con pol\u00edtica de cero tolerancia a la violencia.<\/p>\n<p>Comprometidos en prevenir y erradicar la violencia en todas sus manifestaciones, la Secretar\u00eda de Seguridad P\u00fablica (SSP), impulsora del Sistema de Atenci\u00f3n a la Violencia Familiar y de G\u00e9nero (SALVA), suma este importante esfuerzo en beneficio de la plantilla laboral de este inmueble, que alberga en su mayor\u00eda a mujeres.<\/p>\n<p>Benjam\u00edn Gonz\u00e1lez Caballero, coordinador estatal del C5I Sonora, explic\u00f3 que durante dos a\u00f1os se trabaj\u00f3 para cumplir con los requerimientos en materia de capacitaci\u00f3n a la totalidad del personal, conformaci\u00f3n del Comit\u00e9 de Prevenci\u00f3n de Acoso y realizaci\u00f3n de adecuaciones, como la instalaci\u00f3n de una sala de lactancia en el recinto de seguridad.<\/p>\n<p>Precis\u00f3 que el proceso de capacitaci\u00f3n se realiz\u00f3 de forma presencial y en l\u00ednea, guiado por consultores, mediante el cual se trabaj\u00f3 para fortalecer ambientes laborales de respeto, paz y tolerancia.<\/p>\n<p>Jacqueline Guadalupe Garc\u00eda V\u00e1zquez, directora general de Hermas SC, reconoci\u00f3 la voluntad del Gobierno de Sonora por ser ejemplo al crear precedente con la implementaci\u00f3n de acciones que ofrezcan centros de trabajo como espacios de respeto y productividad con enfoque de g\u00e9nero.<\/p>\n<p>Participaron como testigos de esta certificaci\u00f3n Zulema Boneo Silva, coordinadora estatal del Sistema de Atenci\u00f3n a la Violencia Familiar y de G\u00e9nero (SALVA), y Karina Lerma Gonz\u00e1lez, directora general del Centro de Atenci\u00f3n de Llamadas de Emergencia del C5I Sonora.<\/p>\n","protected":false},"excerpt":{"rendered":"<p>Hermosillo, Sonora; 22 de julio de 2025.\u2013 Por ser la seguridad de las mujeres una prioridad para el Gobierno de Sonora, el Centro de Control, Comando, Comunicaci\u00f3n, C\u00f3mputo, Coordinaci\u00f3n e Inteligencia (C5i) Hermosillo fue certificado por Hermas SC como un recinto de trabajo con pol\u00edtica de cero tolerancia a la violencia. Comprometidos en prevenir y [&hellip;]<\/p>\n","protected":false},"author":2,"featured_media":224839,"comment_status":"closed","ping_status":"closed","sticky":false,"template":"","format":"standard","meta":{"footnotes":""},"categories":[178],"tags":[12869],"class_list":["post-224838","post","type-post","status-publish","format-standard","has-post-thumbnail","hentry","category-local","tag-local"],"jetpack_featured_media_url":"https:\/\/rnoticias.com.mx\/Portal\/wp-content\/uploads\/2025\/07\/unnamed-2-17.jpg","amp_enabled":true,"_links":{"self":[{"href":"https:\/\/rnoticias.com.mx\/Portal\/wp-json\/wp\/v2\/posts\/224838","targetHints":{"allow":["GET"]}}],"collection":[{"href":"https:\/\/rnoticias.com.mx\/Portal\/wp-json\/wp\/v2\/posts"}],"about":[{"href":"https:\/\/rnoticias.com.mx\/Portal\/wp-json\/wp\/v2\/types\/post"}],"author":[{"embeddable":true,"href":"https:\/\/rnoticias.com.mx\/Portal\/wp-json\/wp\/v2\/users\/2"}],"replies":[{"embeddable":true,"href":"https:\/\/rnoticias.com.mx\/Portal\/wp-json\/wp\/v2\/comments?post=224838"}],"version-history":[{"count":1,"href":"https:\/\/rnoticias.com.mx\/Portal\/wp-json\/wp\/v2\/posts\/224838\/revisions"}],"predecessor-version":[{"id":224840,"href":"https:\/\/rnoticias.com.mx\/Portal\/wp-json\/wp\/v2\/posts\/224838\/revisions\/224840"}],"wp:featuredmedia":[{"embeddable":true,"href":"https:\/\/rnoticias.com.mx\/Portal\/wp-json\/wp\/v2\/media\/224839"}],"wp:attachment":[{"href":"https:\/\/rnoticias.com.mx\/Portal\/wp-json\/wp\/v2\/media?parent=224838"}],"wp:term":[{"taxonomy":"category","embeddable":true,"href":"https:\/\/rnoticias.com.mx\/Portal\/wp-json\/wp\/v2\/categories?post=224838"},{"taxonomy":"post_tag","embeddable":true,"href":"https:\/\/rnoticias.com.mx\/Portal\/wp-json\/wp\/v2\/tags?post=224838"}],"curies":[{"name":"wp","href":"https:\/\/api.w.org\/{rel}","templated":true}]}}