{"id":224829,"date":"2025-07-22T20:51:26","date_gmt":"2025-07-23T03:51:26","guid":{"rendered":"https:\/\/rnoticias.com.mx\/Portal\/?p=224829"},"modified":"2025-07-22T20:51:26","modified_gmt":"2025-07-23T03:51:26","slug":"atiende-ayuntamiento-de-hermosillo-reportes-por-lluvia-y-vientos","status":"publish","type":"post","link":"https:\/\/rnoticias.com.mx\/Portal\/2025\/07\/22\/atiende-ayuntamiento-de-hermosillo-reportes-por-lluvia-y-vientos\/","title":{"rendered":"Atiende Ayuntamiento de Hermosillo reportes por lluvia y vientos"},"content":{"rendered":"<p>Hermosillo, Sonora; 22 de julio, 2025.- El Ayuntamiento de Hermosillo, a trav\u00e9s de la Coordinaci\u00f3n Municipal de Protecci\u00f3n Civil (CMPC) y Seguridad P\u00fablica Municipal, atendi\u00f3 diversos reportes debido a la lluvia y el viento registrado la noche del pasado lunes.<\/p>\n<p>Seg\u00fan datos de la CMPC, el \u00e1rea Hermosillo Norte, (colonia Misi\u00f3n) registr\u00f3 un m\u00e1ximo acumulado de 12.45 mil\u00edmetros, con r\u00e1fagas de viento de 30.6 kil\u00f3metros por hora; en Puerta Real hubo un acumulado 6.40 mil\u00edmetros, con r\u00e1fagas de 27.7 kil\u00f3metros por hora; y en la colonia Balderrama, el acumulado fue de 6.10 mil\u00edmetros, con vientos de 33.2 kil\u00f3metros por hora.<\/p>\n<p>Protecci\u00f3n Civil Municipal recibi\u00f3 un reporte de un cable en el suelo y seis cortos circuitos, en las colonias Palo Verde, Bugambilias, Villas del Real, Pueblitos, Villa Sonora y Jardines, los cuales fueron canalizados a la CFE para su seguimiento.<\/p>\n<p>La Jefatura de Polic\u00eda Preventiva y Tr\u00e1nsito Municipal report\u00f3 el cierre parcial de vialidades con corrientes de agua, en Guadalupe victoria, entre Uno y Perif\u00e9rico Norte; General Pi\u00f1a, entre Uno y Perif\u00e9rico Norte; Rep\u00fablica de Colombia y Pesqueira; y en Saturno Campoy y Sahuaro.<\/p>\n<p>Ofrecieron apoyo a un ciudadano por un veh\u00edculo varado en el bulevar Pueblo Nuevo Oriente y Solidaridad.<\/p>\n<p>Cualquier reporte llamar al 911<\/p>\n","protected":false},"excerpt":{"rendered":"<p>Hermosillo, Sonora; 22 de julio, 2025.- El Ayuntamiento de Hermosillo, a trav\u00e9s de la Coordinaci\u00f3n Municipal de Protecci\u00f3n Civil (CMPC) y Seguridad P\u00fablica Municipal, atendi\u00f3 diversos reportes debido a la lluvia y el viento registrado la noche del pasado lunes. Seg\u00fan datos de la CMPC, el \u00e1rea Hermosillo Norte, (colonia Misi\u00f3n) registr\u00f3 un m\u00e1ximo acumulado [&hellip;]<\/p>\n","protected":false},"author":2,"featured_media":224830,"comment_status":"closed","ping_status":"closed","sticky":false,"template":"","format":"standard","meta":{"footnotes":""},"categories":[12870,178],"tags":[12865,12869],"class_list":["post-224829","post","type-post","status-publish","format-standard","has-post-thumbnail","hentry","category-destacadas","category-local","tag-destacadas","tag-local"],"jetpack_featured_media_url":"https:\/\/rnoticias.com.mx\/Portal\/wp-content\/uploads\/2025\/07\/SERVICIOS-PUBLICOS-MUNICIPALES-LLUVIA-3.jpg","amp_enabled":true,"_links":{"self":[{"href":"https:\/\/rnoticias.com.mx\/Portal\/wp-json\/wp\/v2\/posts\/224829","targetHints":{"allow":["GET"]}}],"collection":[{"href":"https:\/\/rnoticias.com.mx\/Portal\/wp-json\/wp\/v2\/posts"}],"about":[{"href":"https:\/\/rnoticias.com.mx\/Portal\/wp-json\/wp\/v2\/types\/post"}],"author":[{"embeddable":true,"href":"https:\/\/rnoticias.com.mx\/Portal\/wp-json\/wp\/v2\/users\/2"}],"replies":[{"embeddable":true,"href":"https:\/\/rnoticias.com.mx\/Portal\/wp-json\/wp\/v2\/comments?post=224829"}],"version-history":[{"count":1,"href":"https:\/\/rnoticias.com.mx\/Portal\/wp-json\/wp\/v2\/posts\/224829\/revisions"}],"predecessor-version":[{"id":224831,"href":"https:\/\/rnoticias.com.mx\/Portal\/wp-json\/wp\/v2\/posts\/224829\/revisions\/224831"}],"wp:featuredmedia":[{"embeddable":true,"href":"https:\/\/rnoticias.com.mx\/Portal\/wp-json\/wp\/v2\/media\/224830"}],"wp:attachment":[{"href":"https:\/\/rnoticias.com.mx\/Portal\/wp-json\/wp\/v2\/media?parent=224829"}],"wp:term":[{"taxonomy":"category","embeddable":true,"href":"https:\/\/rnoticias.com.mx\/Portal\/wp-json\/wp\/v2\/categories?post=224829"},{"taxonomy":"post_tag","embeddable":true,"href":"https:\/\/rnoticias.com.mx\/Portal\/wp-json\/wp\/v2\/tags?post=224829"}],"curies":[{"name":"wp","href":"https:\/\/api.w.org\/{rel}","templated":true}]}}