{"id":224826,"date":"2025-07-22T20:47:51","date_gmt":"2025-07-23T03:47:51","guid":{"rendered":"https:\/\/rnoticias.com.mx\/Portal\/?p=224826"},"modified":"2025-07-22T20:47:51","modified_gmt":"2025-07-23T03:47:51","slug":"sujeto-irrumpe-y-provoca-incendio-en-casa-de-el-bronco-en-nuevo-leon","status":"publish","type":"post","link":"https:\/\/rnoticias.com.mx\/Portal\/2025\/07\/22\/sujeto-irrumpe-y-provoca-incendio-en-casa-de-el-bronco-en-nuevo-leon\/","title":{"rendered":"Sujeto irrumpe y provoca incendio en casa de &#8216;El Bronco&#8217; en Nuevo Le\u00f3n"},"content":{"rendered":"<p>Un sujeto result\u00f3 herido\u00a0despu\u00e9s de irrumpir en la casa del exgobernador de Nuevo Le\u00f3n, Jaime Rodr\u00edguez Calder\u00f3n,\u00a0<strong>\u201cEl Bronco\u201d,<\/strong>\u00a0ubicada en el municipio de Garc\u00eda, donde logr\u00f3<strong>\u00a0incendiar una habitaci\u00f3n y agredir al personal de servicio.<\/strong><\/p>\n<p>En sus redes sociales, Rodr\u00edguez Calder\u00f3n, comparti\u00f3 que el sujeto ingres\u00f3 y prendi\u00f3 fuego en la planta baja y despu\u00e9s en la planta alta, para luego intentar huir en el veh\u00edculo de uno de sus escoltas.\u00a0<strong>Fue entonces cuando un guardia de seguridad le dispar\u00f3 en el pie para detenerlo.<\/strong><\/p>\n<p>El exmandatario confirm\u00f3 que hab\u00eda salido de su vivienda apenas diez minutos antes del ataque y asegur\u00f3 que ni \u00e9l ni su personal resultaron heridos.\u00a0<strong>\u201cAqu\u00ed seguimos, sin miedo como siempre\u201d<\/strong>, escribi\u00f3 en sus redes sociales.<\/p>\n<p data-end=\"1088\" data-start=\"897\">El agresor, presuntamente intoxicado, fue trasladado bajo custodia a un hospital.\u00a0<strong>El guardia que dispar\u00f3 qued\u00f3 a disposici\u00f3n del Ministerio P\u00fablico mientras se realizan las investigaciones.<\/strong><\/p>\n<div class=\"twitter-tweet twitter-tweet-rendered\"><\/div>\n<p>Fuente:NM<\/p>\n","protected":false},"excerpt":{"rendered":"<p>Un sujeto result\u00f3 herido\u00a0despu\u00e9s de irrumpir en la casa del exgobernador de Nuevo Le\u00f3n, Jaime Rodr\u00edguez Calder\u00f3n,\u00a0\u201cEl Bronco\u201d,\u00a0ubicada en el municipio de Garc\u00eda, donde logr\u00f3\u00a0incendiar una habitaci\u00f3n y agredir al personal de servicio. En sus redes sociales, Rodr\u00edguez Calder\u00f3n, comparti\u00f3 que el sujeto ingres\u00f3 y prendi\u00f3 fuego en la planta baja y despu\u00e9s en la [&hellip;]<\/p>\n","protected":false},"author":2,"featured_media":224827,"comment_status":"closed","ping_status":"closed","sticky":false,"template":"","format":"standard","meta":{"footnotes":""},"categories":[12870,172],"tags":[12865,12874],"class_list":["post-224826","post","type-post","status-publish","format-standard","has-post-thumbnail","hentry","category-destacadas","category-nacional","tag-destacadas","tag-nacional"],"jetpack_featured_media_url":"https:\/\/rnoticias.com.mx\/Portal\/wp-content\/uploads\/2025\/07\/jaime-rodriguez-el-bronco-monterrey-noticia-hoy-nuevo-leon.webp","amp_enabled":true,"_links":{"self":[{"href":"https:\/\/rnoticias.com.mx\/Portal\/wp-json\/wp\/v2\/posts\/224826","targetHints":{"allow":["GET"]}}],"collection":[{"href":"https:\/\/rnoticias.com.mx\/Portal\/wp-json\/wp\/v2\/posts"}],"about":[{"href":"https:\/\/rnoticias.com.mx\/Portal\/wp-json\/wp\/v2\/types\/post"}],"author":[{"embeddable":true,"href":"https:\/\/rnoticias.com.mx\/Portal\/wp-json\/wp\/v2\/users\/2"}],"replies":[{"embeddable":true,"href":"https:\/\/rnoticias.com.mx\/Portal\/wp-json\/wp\/v2\/comments?post=224826"}],"version-history":[{"count":1,"href":"https:\/\/rnoticias.com.mx\/Portal\/wp-json\/wp\/v2\/posts\/224826\/revisions"}],"predecessor-version":[{"id":224828,"href":"https:\/\/rnoticias.com.mx\/Portal\/wp-json\/wp\/v2\/posts\/224826\/revisions\/224828"}],"wp:featuredmedia":[{"embeddable":true,"href":"https:\/\/rnoticias.com.mx\/Portal\/wp-json\/wp\/v2\/media\/224827"}],"wp:attachment":[{"href":"https:\/\/rnoticias.com.mx\/Portal\/wp-json\/wp\/v2\/media?parent=224826"}],"wp:term":[{"taxonomy":"category","embeddable":true,"href":"https:\/\/rnoticias.com.mx\/Portal\/wp-json\/wp\/v2\/categories?post=224826"},{"taxonomy":"post_tag","embeddable":true,"href":"https:\/\/rnoticias.com.mx\/Portal\/wp-json\/wp\/v2\/tags?post=224826"}],"curies":[{"name":"wp","href":"https:\/\/api.w.org\/{rel}","templated":true}]}}