{"id":224817,"date":"2025-07-22T20:44:34","date_gmt":"2025-07-23T03:44:34","guid":{"rendered":"https:\/\/rnoticias.com.mx\/Portal\/?p=224817"},"modified":"2025-07-22T20:44:34","modified_gmt":"2025-07-23T03:44:34","slug":"gobierno-de-sonora-informa-sobre-aumento-de-temperaturas-y-llama-a-tomar-medidas-preventivas","status":"publish","type":"post","link":"https:\/\/rnoticias.com.mx\/Portal\/2025\/07\/22\/gobierno-de-sonora-informa-sobre-aumento-de-temperaturas-y-llama-a-tomar-medidas-preventivas\/","title":{"rendered":"Gobierno de Sonora informa sobre aumento de temperaturas y llama a tomar medidas preventivas"},"content":{"rendered":"<p>Hermosillo, Sonora; 22 de julio de 2025.- El Gobierno de Sonora, a trav\u00e9s de la Coordinaci\u00f3n Estatal de Protecci\u00f3n Civil (CEPC), llama a la poblaci\u00f3n a mantener e intensificar las medidas de prevenci\u00f3n ante las altas temperaturas, ya que en los pr\u00f3ximos d\u00edas se espera un alza en los valores de los term\u00f3metros.<\/p>\n<p>Para hoy y el resto de la semana, predominar\u00e1 una masa de aire seco en gran parte del estado de Sonora.<\/p>\n<p>Por ello, se prev\u00e9n condiciones estables con un ambiente caluroso a muy caluroso, con temperaturas m\u00e1ximas entre 40 y 45\u202f\u00b0C en los valles y en el noroeste de la entidad sonorense.<\/p>\n<p>Adem\u00e1s, esta masa de aire seco generar\u00e1 una disminuci\u00f3n en la formaci\u00f3n de tormentas asociadas al monz\u00f3n mexicano.<\/p>\n<p>Ante las altas temperaturas, se recomienda mantenerse bien hidratado, utilizar gorra o sombrero y evitar exposiciones prolongadas al sol.<\/p>\n<p>No se descartan algunas precipitaciones ligeras a moderadas sobre los municipios del noroeste, colindantes con el estado de Chihuahua.<\/p>\n<p>Por ello, la poblaci\u00f3n tambi\u00e9n debe mantener las medidas preventivas propias de la temporada de lluvias, como verificar el buen estado de sus hogares, evitar permanecer a la intemperie durante una tormenta y, sobre todo, no cruzar r\u00edos, arroyos ni zonas con encharcamientos.<\/p>\n","protected":false},"excerpt":{"rendered":"<p>Hermosillo, Sonora; 22 de julio de 2025.- El Gobierno de Sonora, a trav\u00e9s de la Coordinaci\u00f3n Estatal de Protecci\u00f3n Civil (CEPC), llama a la poblaci\u00f3n a mantener e intensificar las medidas de prevenci\u00f3n ante las altas temperaturas, ya que en los pr\u00f3ximos d\u00edas se espera un alza en los valores de los term\u00f3metros. Para hoy [&hellip;]<\/p>\n","protected":false},"author":2,"featured_media":224818,"comment_status":"closed","ping_status":"closed","sticky":false,"template":"","format":"standard","meta":{"footnotes":""},"categories":[178],"tags":[12869],"class_list":["post-224817","post","type-post","status-publish","format-standard","has-post-thumbnail","hentry","category-local","tag-local"],"jetpack_featured_media_url":"https:\/\/rnoticias.com.mx\/Portal\/wp-content\/uploads\/2025\/07\/unnamed-2-16.jpg","amp_enabled":true,"_links":{"self":[{"href":"https:\/\/rnoticias.com.mx\/Portal\/wp-json\/wp\/v2\/posts\/224817","targetHints":{"allow":["GET"]}}],"collection":[{"href":"https:\/\/rnoticias.com.mx\/Portal\/wp-json\/wp\/v2\/posts"}],"about":[{"href":"https:\/\/rnoticias.com.mx\/Portal\/wp-json\/wp\/v2\/types\/post"}],"author":[{"embeddable":true,"href":"https:\/\/rnoticias.com.mx\/Portal\/wp-json\/wp\/v2\/users\/2"}],"replies":[{"embeddable":true,"href":"https:\/\/rnoticias.com.mx\/Portal\/wp-json\/wp\/v2\/comments?post=224817"}],"version-history":[{"count":1,"href":"https:\/\/rnoticias.com.mx\/Portal\/wp-json\/wp\/v2\/posts\/224817\/revisions"}],"predecessor-version":[{"id":224819,"href":"https:\/\/rnoticias.com.mx\/Portal\/wp-json\/wp\/v2\/posts\/224817\/revisions\/224819"}],"wp:featuredmedia":[{"embeddable":true,"href":"https:\/\/rnoticias.com.mx\/Portal\/wp-json\/wp\/v2\/media\/224818"}],"wp:attachment":[{"href":"https:\/\/rnoticias.com.mx\/Portal\/wp-json\/wp\/v2\/media?parent=224817"}],"wp:term":[{"taxonomy":"category","embeddable":true,"href":"https:\/\/rnoticias.com.mx\/Portal\/wp-json\/wp\/v2\/categories?post=224817"},{"taxonomy":"post_tag","embeddable":true,"href":"https:\/\/rnoticias.com.mx\/Portal\/wp-json\/wp\/v2\/tags?post=224817"}],"curies":[{"name":"wp","href":"https:\/\/api.w.org\/{rel}","templated":true}]}}