{"id":224814,"date":"2025-07-22T20:44:00","date_gmt":"2025-07-23T03:44:00","guid":{"rendered":"https:\/\/rnoticias.com.mx\/Portal\/?p=224814"},"modified":"2025-07-22T20:44:00","modified_gmt":"2025-07-23T03:44:00","slug":"impulsa-gobernador-alfonso-durazo-formacion-deportiva-en-el-sur-de-sonora","status":"publish","type":"post","link":"https:\/\/rnoticias.com.mx\/Portal\/2025\/07\/22\/impulsa-gobernador-alfonso-durazo-formacion-deportiva-en-el-sur-de-sonora\/","title":{"rendered":"Impulsa Gobernador Alfonso Durazo formaci\u00f3n deportiva en el sur de Sonora"},"content":{"rendered":"<p>Navojoa, Sonora; 22 de julio de 2025.- Con entusiasmo y una gran participaci\u00f3n comunitaria, se realiz\u00f3 la cl\u00ednica de basquetbol \u201cFormando Campeones\u201d, una iniciativa del gobernador de Sonora, Alfonso Durazo, impulsada a trav\u00e9s del Sistema DIF Sonora para fortalecer el desarrollo integral de ni\u00f1as y ni\u00f1os mediante el deporte.<\/p>\n<p>En esta jornada participaron alrededor de 500 ni\u00f1os y ni\u00f1as de los municipios de Huatabampo, Etchojoa y Navojoa, quienes tuvieron la oportunidad de aprender t\u00e9cnica, disciplina y trabajo en equipo de la mano de Omar Quintero, entrenador de la selecci\u00f3n nacional de basquetbol de M\u00e9xico.<\/p>\n<p>Esta actividad forma parte de la estrategia del Gobierno de Sonora para impulsar el bienestar de la ni\u00f1ez y promover un estilo de vida saludable en las comunidades, mediante acciones que fomentan la convivencia, la inclusi\u00f3n y la formaci\u00f3n de valores a trav\u00e9s del deporte.<\/p>\n<p>Lizeth V\u00e1squez Ochoa, directora general del Sistema DIF Sonora, reconoci\u00f3 la labor del entrenador Omar Quintero y su compromiso con el desarrollo deportivo de la ni\u00f1ez sonorense. Agradeci\u00f3 su entrega y el gesto de regresar a Sonora todo lo que este estado le ha dado, sembrando inspiraci\u00f3n en cada ni\u00f1a y ni\u00f1o que hoy sue\u00f1a con convertirse en campe\u00f3n.<\/p>\n<p>Asimismo, alent\u00f3 a ni\u00f1as y ni\u00f1os a creer en su talento, a esforzarse y a so\u00f1ar en grande, incluso a superar los logros de Quintero, quien ha representado a M\u00e9xico en escenarios internacionales.<\/p>\n<p>Durante la jornada, ni\u00f1as y ni\u00f1os expresaron su entusiasmo y admiraci\u00f3n por Omar Quintero, una figura del deporte sonorense con la que convivieron de manera cercana. Para muchas y muchos de ellos, esta experiencia les reafirm\u00f3 que los sue\u00f1os s\u00ed se pueden alcanzar y que, con esfuerzo, lo que parece lejano puede volverse posible. Las y los participantes aprovecharon cada ense\u00f1anza, motivados por el ejemplo de quien, como ellos, tambi\u00e9n inici\u00f3 en una cancha sonorense.<\/p>\n","protected":false},"excerpt":{"rendered":"<p>Navojoa, Sonora; 22 de julio de 2025.- Con entusiasmo y una gran participaci\u00f3n comunitaria, se realiz\u00f3 la cl\u00ednica de basquetbol \u201cFormando Campeones\u201d, una iniciativa del gobernador de Sonora, Alfonso Durazo, impulsada a trav\u00e9s del Sistema DIF Sonora para fortalecer el desarrollo integral de ni\u00f1as y ni\u00f1os mediante el deporte. En esta jornada participaron alrededor de [&hellip;]<\/p>\n","protected":false},"author":2,"featured_media":224815,"comment_status":"closed","ping_status":"closed","sticky":false,"template":"","format":"standard","meta":{"footnotes":""},"categories":[12870,174],"tags":[12865,12873],"class_list":["post-224814","post","type-post","status-publish","format-standard","has-post-thumbnail","hentry","category-destacadas","category-estatal","tag-destacadas","tag-estatal"],"jetpack_featured_media_url":"https:\/\/rnoticias.com.mx\/Portal\/wp-content\/uploads\/2025\/07\/unnamed-1-28.jpg","amp_enabled":true,"_links":{"self":[{"href":"https:\/\/rnoticias.com.mx\/Portal\/wp-json\/wp\/v2\/posts\/224814","targetHints":{"allow":["GET"]}}],"collection":[{"href":"https:\/\/rnoticias.com.mx\/Portal\/wp-json\/wp\/v2\/posts"}],"about":[{"href":"https:\/\/rnoticias.com.mx\/Portal\/wp-json\/wp\/v2\/types\/post"}],"author":[{"embeddable":true,"href":"https:\/\/rnoticias.com.mx\/Portal\/wp-json\/wp\/v2\/users\/2"}],"replies":[{"embeddable":true,"href":"https:\/\/rnoticias.com.mx\/Portal\/wp-json\/wp\/v2\/comments?post=224814"}],"version-history":[{"count":1,"href":"https:\/\/rnoticias.com.mx\/Portal\/wp-json\/wp\/v2\/posts\/224814\/revisions"}],"predecessor-version":[{"id":224816,"href":"https:\/\/rnoticias.com.mx\/Portal\/wp-json\/wp\/v2\/posts\/224814\/revisions\/224816"}],"wp:featuredmedia":[{"embeddable":true,"href":"https:\/\/rnoticias.com.mx\/Portal\/wp-json\/wp\/v2\/media\/224815"}],"wp:attachment":[{"href":"https:\/\/rnoticias.com.mx\/Portal\/wp-json\/wp\/v2\/media?parent=224814"}],"wp:term":[{"taxonomy":"category","embeddable":true,"href":"https:\/\/rnoticias.com.mx\/Portal\/wp-json\/wp\/v2\/categories?post=224814"},{"taxonomy":"post_tag","embeddable":true,"href":"https:\/\/rnoticias.com.mx\/Portal\/wp-json\/wp\/v2\/tags?post=224814"}],"curies":[{"name":"wp","href":"https:\/\/api.w.org\/{rel}","templated":true}]}}