{"id":224799,"date":"2025-07-22T17:17:29","date_gmt":"2025-07-23T00:17:29","guid":{"rendered":"https:\/\/rnoticias.com.mx\/Portal\/?p=224799"},"modified":"2025-07-22T17:17:29","modified_gmt":"2025-07-23T00:17:29","slug":"la-comunidad-yaqui-de-hermosillo-a-40-anos-del-museo-de-sonora","status":"publish","type":"post","link":"https:\/\/rnoticias.com.mx\/Portal\/2025\/07\/22\/la-comunidad-yaqui-de-hermosillo-a-40-anos-del-museo-de-sonora\/","title":{"rendered":"La comunidad yaqui de Hermosillo a 40 a\u00f1os del Museo de Sonora."},"content":{"rendered":"<div class=\"x_elementToProof\"><b data-olk-copy-source=\"MessageBody\">22 de julio de 2025, Hermosillo, Sonora.<\/b>\u00a0\u2013 El Instituto Nacional de Antropolog\u00eda e Historia en Sonora invita a la presentaci\u00f3n de la charla \u201cTeta kari, la casa de piedra: Los yaquis de Hermosillo y el Museo de Sonora&#8221;, a impartirse por el antrop\u00f3logo Alejandro Aguilar Zeleny, el pr\u00f3ximo viernes 25 de julio, a las 17:00 horas en el Museo Regional de Sonora, Antigua Penitenciar\u00eda.<\/div>\n<div class=\"x_elementToProof\" aria-hidden=\"true\"><\/div>\n<div class=\"x_elementToProof\">Desde que se plant\u00f3 la primera piedra de la Penitenciar\u00eda del Estado de Sonora en las faldas del Cerro de la Campana, los\u00a0integrantes de las comunidades yaquis de Hermosillo y sus alrededores han estado relacionados tanto con la antigua penitenciar\u00eda, como con el Museo de Sonora.\u00a0Los yaquis participaron en la construcci\u00f3n del edificio\u00a0y por motivo de su lucha de resistencia, fueron tambi\u00e9n prisioneros dentro de la c\u00e1rcel. Durante la instalaci\u00f3n del Museo, espec\u00edficamente en la parte etnogr\u00e1fica\u00a0relacionada con la presencia de los yaquis en la museograf\u00eda se cont\u00f3 con\u00a0la participaci\u00f3n de un danzante de venado.<\/div>\n<div class=\"x_elementToProof\" aria-hidden=\"true\"><\/div>\n<div class=\"x_elementToProof\">Desde los a\u00f1os 90 se ha tenido una relaci\u00f3n de intercambio y colaboraci\u00f3n\u00a0con los yaquis de Hermosillo, participando en algunos eventos y simposios, con presentaciones de danzas de pascolas y venados, principalmente. A partir de los a\u00f1os 2000 se inician otras formas de apoyo e intercambio\u00a0con los trabajos del proyecto de Etnograf\u00eda de las Regiones, en el estudio\u00a0de su historia y tradiciones, y en el apoyo a la realizaci\u00f3n de fiestas y celebraciones tradicionales, con la construcci\u00f3n de ramadas,\u00a0montaje de exposiciones, as\u00ed como colecta de palma, carrizo y le\u00f1a para\u00a0las tradiciones de cuaresma y semana santa.\u00a0Tambi\u00e9n se han desarrollado actividades de apoyo y acompa\u00f1amiento con\u00a0ni\u00f1as y ni\u00f1os del barrio, con talleres, concursos y campa\u00f1as solidarias.<\/div>\n<div class=\"x_elementToProof\" aria-hidden=\"true\"><\/div>\n<div class=\"x_elementToProof\">Las conferencias CAF\u00c9INAH son realizadas el \u00faltimo viernes de cada mes con el objetivo de acercar las \u00faltimas actividades, acciones y programas que el INAH desarrolla en torno a la preservaci\u00f3n y divulgaci\u00f3n del patrimonio cultural de Sonora.<\/div>\n","protected":false},"excerpt":{"rendered":"<p>22 de julio de 2025, Hermosillo, Sonora.\u00a0\u2013 El Instituto Nacional de Antropolog\u00eda e Historia en Sonora invita a la presentaci\u00f3n de la charla \u201cTeta kari, la casa de piedra: Los yaquis de Hermosillo y el Museo de Sonora&#8221;, a impartirse por el antrop\u00f3logo Alejandro Aguilar Zeleny, el pr\u00f3ximo viernes 25 de julio, a las 17:00 [&hellip;]<\/p>\n","protected":false},"author":2,"featured_media":224800,"comment_status":"closed","ping_status":"closed","sticky":false,"template":"","format":"standard","meta":{"footnotes":""},"categories":[12870,178],"tags":[12865,12869],"class_list":["post-224799","post","type-post","status-publish","format-standard","has-post-thumbnail","hentry","category-destacadas","category-local","tag-destacadas","tag-local"],"jetpack_featured_media_url":"https:\/\/rnoticias.com.mx\/Portal\/wp-content\/uploads\/2025\/07\/Los-yaquis-del-barrio-en-la-APES-1.jpeg","amp_enabled":true,"_links":{"self":[{"href":"https:\/\/rnoticias.com.mx\/Portal\/wp-json\/wp\/v2\/posts\/224799","targetHints":{"allow":["GET"]}}],"collection":[{"href":"https:\/\/rnoticias.com.mx\/Portal\/wp-json\/wp\/v2\/posts"}],"about":[{"href":"https:\/\/rnoticias.com.mx\/Portal\/wp-json\/wp\/v2\/types\/post"}],"author":[{"embeddable":true,"href":"https:\/\/rnoticias.com.mx\/Portal\/wp-json\/wp\/v2\/users\/2"}],"replies":[{"embeddable":true,"href":"https:\/\/rnoticias.com.mx\/Portal\/wp-json\/wp\/v2\/comments?post=224799"}],"version-history":[{"count":1,"href":"https:\/\/rnoticias.com.mx\/Portal\/wp-json\/wp\/v2\/posts\/224799\/revisions"}],"predecessor-version":[{"id":224801,"href":"https:\/\/rnoticias.com.mx\/Portal\/wp-json\/wp\/v2\/posts\/224799\/revisions\/224801"}],"wp:featuredmedia":[{"embeddable":true,"href":"https:\/\/rnoticias.com.mx\/Portal\/wp-json\/wp\/v2\/media\/224800"}],"wp:attachment":[{"href":"https:\/\/rnoticias.com.mx\/Portal\/wp-json\/wp\/v2\/media?parent=224799"}],"wp:term":[{"taxonomy":"category","embeddable":true,"href":"https:\/\/rnoticias.com.mx\/Portal\/wp-json\/wp\/v2\/categories?post=224799"},{"taxonomy":"post_tag","embeddable":true,"href":"https:\/\/rnoticias.com.mx\/Portal\/wp-json\/wp\/v2\/tags?post=224799"}],"curies":[{"name":"wp","href":"https:\/\/api.w.org\/{rel}","templated":true}]}}