{"id":224796,"date":"2025-07-22T17:16:10","date_gmt":"2025-07-23T00:16:10","guid":{"rendered":"https:\/\/rnoticias.com.mx\/Portal\/?p=224796"},"modified":"2025-07-22T17:16:10","modified_gmt":"2025-07-23T00:16:10","slug":"les-cumple-presidenta-sheinbaum-a-las-mujeres-sonorenses-de-60-a-64-anos-en-agosto-inicia-el-registro-a-la-pension-mujeres-bienestar","status":"publish","type":"post","link":"https:\/\/rnoticias.com.mx\/Portal\/2025\/07\/22\/les-cumple-presidenta-sheinbaum-a-las-mujeres-sonorenses-de-60-a-64-anos-en-agosto-inicia-el-registro-a-la-pension-mujeres-bienestar\/","title":{"rendered":"Les cumple Presidenta Sheinbaum a las mujeres sonorenses de 60 a 64 a\u00f1os, en agosto inicia el registro a la Pensi\u00f3n Mujeres Bienestar"},"content":{"rendered":"<p>Hermosillo, Sonora; martes 22 de julio de 2025.- En cumplimiento del compromiso de la Presidenta de M\u00e9xico, Claudia Sheinbaum Pardo, de reconocer una vida de trabajo y cuidado de las mujeres, del 1 al 30 de agosto se llevar\u00e1 a cabo el registro a la Pensi\u00f3n Mujeres Bienestar en el estado de Sonora para mujeres de entre 60 y 64 a\u00f1os de edad.<\/p>\n<p>El Delegado de Bienestar en Sonora, Octavio Almada Palafox, record\u00f3 que este programa inici\u00f3 en octubre de 2024, incorporando a mujeres de 63 y 64 a\u00f1os, as\u00ed como a mujeres ind\u00edgenas de entre 60 y 64 a\u00f1os. Ahora, se abre el registro tambi\u00e9n para quienes hayan cumplido 60, 61 y 62 a\u00f1os.<\/p>\n<p>Almada Palafox subray\u00f3 que se trata de un hecho sin precedentes, en el que el Gobierno de M\u00e9xico, encabezado por la primera mujer Presidenta, reconoce con justicia social a las mujeres, al otorgarles una pensi\u00f3n bimestral de 3 mil pesos, de manera directa y sin intermediarios.<\/p>\n<p>Para brindar una atenci\u00f3n ordenada y eficiente, la incorporaci\u00f3n en los municipios con mayor poblaci\u00f3n se realizar\u00e1 conforme al calendario basado en la inicial del primer apellido, quedando de la siguiente manera:<\/p>\n<p>* A, B, C: Lunes 4, 11, 18 y 25 de agosto<br \/>\n* D, E, F, G, H: Martes 5, 12, 19 y 26<br \/>\n* I, J, K, L, M: Mi\u00e9rcoles 6, 13, 20 y 27<br \/>\n* N, \u00d1, O, P, Q, R: Jueves 7, 14, 21 y 28<br \/>\n* S, T, U, V, W, X, Y, Z: Viernes 1, 8, 15, 22 y 29<br \/>\n* Todas las letras: S\u00e1bados 2, 9, 16, 23 y 30 de agosto<\/p>\n<p>Las mujeres interesadas deber\u00e1n acudir el d\u00eda que les corresponda a su m\u00f3dulo m\u00e1s cercano, llevando los siguientes documentos en original y copia:<\/p>\n<p>* Identificaci\u00f3n oficial vigente<br \/>\n* CURP certificada (de reciente impresi\u00f3n)<br \/>\n* Acta de nacimiento<br \/>\n* Comprobante de domicilio<br \/>\n* Dos n\u00fameros telef\u00f3nicos de contacto<\/p>\n<p>Durante su mensaje a medios, el Delegado inform\u00f3 que actualmente en Sonora ya son cerca de 24 mil mujeres de 63 y 64 a\u00f1os quienes reciben esta pensi\u00f3n de manera directa a trav\u00e9s de su tarjeta del Banco del Bienestar.<\/p>\n<p>\u201cCon esta nueva etapa de incorporaci\u00f3n, la Presidenta Claudia Sheinbaum cumple uno m\u00e1s de sus 100 compromisos, reafirmando su compromiso con las mujeres y avanzando en la construcci\u00f3n del Segundo Piso de la Transformaci\u00f3n\u201d, concluy\u00f3 Almada Palafox.<\/p>\n","protected":false},"excerpt":{"rendered":"<p>Hermosillo, Sonora; martes 22 de julio de 2025.- En cumplimiento del compromiso de la Presidenta de M\u00e9xico, Claudia Sheinbaum Pardo, de reconocer una vida de trabajo y cuidado de las mujeres, del 1 al 30 de agosto se llevar\u00e1 a cabo el registro a la Pensi\u00f3n Mujeres Bienestar en el estado de Sonora para mujeres [&hellip;]<\/p>\n","protected":false},"author":2,"featured_media":224797,"comment_status":"closed","ping_status":"closed","sticky":false,"template":"","format":"standard","meta":{"footnotes":""},"categories":[12870,178],"tags":[12865,12869],"class_list":["post-224796","post","type-post","status-publish","format-standard","has-post-thumbnail","hentry","category-destacadas","category-local","tag-destacadas","tag-local"],"jetpack_featured_media_url":"https:\/\/rnoticias.com.mx\/Portal\/wp-content\/uploads\/2025\/07\/0d62bf75-204c-4e6d-a4bb-fcca91bfcca1-scaled.jpg","amp_enabled":true,"_links":{"self":[{"href":"https:\/\/rnoticias.com.mx\/Portal\/wp-json\/wp\/v2\/posts\/224796","targetHints":{"allow":["GET"]}}],"collection":[{"href":"https:\/\/rnoticias.com.mx\/Portal\/wp-json\/wp\/v2\/posts"}],"about":[{"href":"https:\/\/rnoticias.com.mx\/Portal\/wp-json\/wp\/v2\/types\/post"}],"author":[{"embeddable":true,"href":"https:\/\/rnoticias.com.mx\/Portal\/wp-json\/wp\/v2\/users\/2"}],"replies":[{"embeddable":true,"href":"https:\/\/rnoticias.com.mx\/Portal\/wp-json\/wp\/v2\/comments?post=224796"}],"version-history":[{"count":1,"href":"https:\/\/rnoticias.com.mx\/Portal\/wp-json\/wp\/v2\/posts\/224796\/revisions"}],"predecessor-version":[{"id":224798,"href":"https:\/\/rnoticias.com.mx\/Portal\/wp-json\/wp\/v2\/posts\/224796\/revisions\/224798"}],"wp:featuredmedia":[{"embeddable":true,"href":"https:\/\/rnoticias.com.mx\/Portal\/wp-json\/wp\/v2\/media\/224797"}],"wp:attachment":[{"href":"https:\/\/rnoticias.com.mx\/Portal\/wp-json\/wp\/v2\/media?parent=224796"}],"wp:term":[{"taxonomy":"category","embeddable":true,"href":"https:\/\/rnoticias.com.mx\/Portal\/wp-json\/wp\/v2\/categories?post=224796"},{"taxonomy":"post_tag","embeddable":true,"href":"https:\/\/rnoticias.com.mx\/Portal\/wp-json\/wp\/v2\/tags?post=224796"}],"curies":[{"name":"wp","href":"https:\/\/api.w.org\/{rel}","templated":true}]}}