{"id":224779,"date":"2025-07-22T00:43:29","date_gmt":"2025-07-22T07:43:29","guid":{"rendered":"https:\/\/rnoticias.com.mx\/Portal\/?p=224779"},"modified":"2025-07-22T00:43:29","modified_gmt":"2025-07-22T07:43:29","slug":"infarto-causa-de-fallecimiento-de-adulta-mayor-en-hermosillo","status":"publish","type":"post","link":"https:\/\/rnoticias.com.mx\/Portal\/2025\/07\/22\/infarto-causa-de-fallecimiento-de-adulta-mayor-en-hermosillo\/","title":{"rendered":"Infarto causa de fallecimiento de adulta mayor en Hermosillo"},"content":{"rendered":"<p>Hermosillo, Sonora, 22 de julio de 2025.- La Fiscal\u00eda General de Justicia del Estado de Sonora (FGJES) informa que, tras los actos de investigaci\u00f3n correspondientes, se determin\u00f3 que la causa de muerte de Francisca \u201cN\u201d, de 71 a\u00f1os, fue un infarto agudo al miocardio, sin que se encontraran escoriaciones en el cuello ni signos visibles de violencia externa.<\/p>\n<p>La mujer falleci\u00f3 el pasado 20 de julio en el interior de su domicilio, ubicado en la colonia 5 de Mayo, en Hermosillo. Personal del Servicio M\u00e9dico Forense confirm\u00f3 el origen natural del deceso.<\/p>\n<p>Cabe se\u00f1alar que desde noviembre de 2024 se hab\u00edan otorgado medidas de protecci\u00f3n a favor de Francisca \u201cN\u201d y su madre, iniciando carpeta de investigaci\u00f3n por el delito de violencia familiar, a ra\u00edz de denuncias que ella misma realiz\u00f3 respecto a posibles actos de despojo y abandono.<\/p>\n<p>Durante todo el proceso, se mantuvo coordinaci\u00f3n constante con la Procuradur\u00eda de la Defensa del Adulto Mayor (PRODEAMA), la cual realiz\u00f3 m\u00faltiples verificaciones domiciliarias y entrevistas que indicaron condiciones aceptables de vivienda y salud para las adultas mayores, as\u00ed como seguimiento institucional a su situaci\u00f3n de vida.<\/p>\n<p>La Fiscal\u00eda General de Justicia del Estado de Sonora reitera su compromiso con la legalidad, el debido proceso y la salvaguarda de los derechos de las personas adultas mayores, manteni\u00e9ndose firme en su labor de protecci\u00f3n y justicia hacia los sectores m\u00e1s vulnerables de la sociedad.<\/p>\n","protected":false},"excerpt":{"rendered":"<p>Hermosillo, Sonora, 22 de julio de 2025.- La Fiscal\u00eda General de Justicia del Estado de Sonora (FGJES) informa que, tras los actos de investigaci\u00f3n correspondientes, se determin\u00f3 que la causa de muerte de Francisca \u201cN\u201d, de 71 a\u00f1os, fue un infarto agudo al miocardio, sin que se encontraran escoriaciones en el cuello ni signos visibles [&hellip;]<\/p>\n","protected":false},"author":2,"featured_media":224780,"comment_status":"closed","ping_status":"closed","sticky":false,"template":"","format":"standard","meta":{"footnotes":""},"categories":[12870,178],"tags":[12865,12869],"class_list":["post-224779","post","type-post","status-publish","format-standard","has-post-thumbnail","hentry","category-destacadas","category-local","tag-destacadas","tag-local"],"jetpack_featured_media_url":"https:\/\/rnoticias.com.mx\/Portal\/wp-content\/uploads\/2025\/07\/110fc52e-9fc1-48c7-8f34-d7cd06e59247.jpg","amp_enabled":true,"_links":{"self":[{"href":"https:\/\/rnoticias.com.mx\/Portal\/wp-json\/wp\/v2\/posts\/224779","targetHints":{"allow":["GET"]}}],"collection":[{"href":"https:\/\/rnoticias.com.mx\/Portal\/wp-json\/wp\/v2\/posts"}],"about":[{"href":"https:\/\/rnoticias.com.mx\/Portal\/wp-json\/wp\/v2\/types\/post"}],"author":[{"embeddable":true,"href":"https:\/\/rnoticias.com.mx\/Portal\/wp-json\/wp\/v2\/users\/2"}],"replies":[{"embeddable":true,"href":"https:\/\/rnoticias.com.mx\/Portal\/wp-json\/wp\/v2\/comments?post=224779"}],"version-history":[{"count":1,"href":"https:\/\/rnoticias.com.mx\/Portal\/wp-json\/wp\/v2\/posts\/224779\/revisions"}],"predecessor-version":[{"id":224781,"href":"https:\/\/rnoticias.com.mx\/Portal\/wp-json\/wp\/v2\/posts\/224779\/revisions\/224781"}],"wp:featuredmedia":[{"embeddable":true,"href":"https:\/\/rnoticias.com.mx\/Portal\/wp-json\/wp\/v2\/media\/224780"}],"wp:attachment":[{"href":"https:\/\/rnoticias.com.mx\/Portal\/wp-json\/wp\/v2\/media?parent=224779"}],"wp:term":[{"taxonomy":"category","embeddable":true,"href":"https:\/\/rnoticias.com.mx\/Portal\/wp-json\/wp\/v2\/categories?post=224779"},{"taxonomy":"post_tag","embeddable":true,"href":"https:\/\/rnoticias.com.mx\/Portal\/wp-json\/wp\/v2\/tags?post=224779"}],"curies":[{"name":"wp","href":"https:\/\/api.w.org\/{rel}","templated":true}]}}