{"id":224770,"date":"2025-07-22T00:27:18","date_gmt":"2025-07-22T07:27:18","guid":{"rendered":"https:\/\/rnoticias.com.mx\/Portal\/?p=224770"},"modified":"2025-07-22T00:27:18","modified_gmt":"2025-07-22T07:27:18","slug":"gobernador-durazo-beneficia-a-mas-de-cinco-mil-estudiantes-cajemenses-con-becas-sonora-de-oportunidades","status":"publish","type":"post","link":"https:\/\/rnoticias.com.mx\/Portal\/2025\/07\/22\/gobernador-durazo-beneficia-a-mas-de-cinco-mil-estudiantes-cajemenses-con-becas-sonora-de-oportunidades\/","title":{"rendered":"Gobernador Durazo beneficia a m\u00e1s de cinco mil estudiantes cajemenses con Becas Sonora de Oportunidades"},"content":{"rendered":"<p align=\"left\">Ciudad Obreg\u00f3n, Sonora; 21 de julio de 2025.- En seguimiento a su compromiso de transformar a Sonora desde las aulas e impulsar a las y los j\u00f3venes universitarios a continuar con su preparaci\u00f3n profesional, el gobernador Alfonso Durazo Monta\u00f1o entreg\u00f3 m\u00e1s de cinco mil becas del programa Sonora de Oportunidades en Ciudad Obreg\u00f3n.<\/p>\n<p align=\"left\">Acompa\u00f1ado de la subsecretaria de Gobernaci\u00f3n, Roc\u00edo B\u00e1rcena Molina y el secretario de Educaci\u00f3n y Cultura, Froyl\u00e1n G\u00e1mez Gamboa, el jefe del Ejecutivo estatal subray\u00f3 que uno de los compromisos m\u00e1s relevantes del gobierno que encabeza es apostar por la formaci\u00f3n educativa de la juventud sonorense para garantizar la igualdad de oportunidades.<\/p>\n<p align=\"left\">&#8220;Los quiero ver aqu\u00ed de gobernadores, de gobernadoras, de presidentes municipales, de diputadas, de diputados, de presidentas de la Rep\u00fablica como la doctora Claudia Sheinbaum. Tienen que echarle ganas, yo espero que esta beca sea un \u2018empuj\u00f3n\u2019 que les permita transitar m\u00e1s f\u00e1cilmente esta etapa estudiantil&#8221;, asever\u00f3 Durazo Monta\u00f1o.<\/p>\n<p align=\"left\">En representaci\u00f3n de los beneficiarios, Eliana Monge C\u00e1mara expres\u00f3 su agradecimiento al mandatario sonorense, por el est\u00edmulo educativo que ayudar\u00e1 a que miles de alumnos puedan seguir con sus estudios.<\/p>\n<p align=\"left\">&#8220;Quiero hacerle una promesa, gobernador, vamos a responder con responsabilidad, con trabajo, con compromiso, porque esta beca no es un favor, es una oportunidad que no vamos a desaprovechar. Estamos listos para devolverle a Sonora todo lo que nos ha dado; gracias gobernador&#8221;, manifest\u00f3.<\/p>\n<p align=\"left\">El titular del Ejecutivo estatal resalt\u00f3 que, en cuatro a\u00f1os de gobierno se han otorgado 465 mil 814 becas, para las que se ha destinado una inversi\u00f3n hist\u00f3rica de 2 mil 666 millones 539 mil 077 pesos.<\/p>\n","protected":false},"excerpt":{"rendered":"<p>Ciudad Obreg\u00f3n, Sonora; 21 de julio de 2025.- En seguimiento a su compromiso de transformar a Sonora desde las aulas e impulsar a las y los j\u00f3venes universitarios a continuar con su preparaci\u00f3n profesional, el gobernador Alfonso Durazo Monta\u00f1o entreg\u00f3 m\u00e1s de cinco mil becas del programa Sonora de Oportunidades en Ciudad Obreg\u00f3n. Acompa\u00f1ado de [&hellip;]<\/p>\n","protected":false},"author":2,"featured_media":224771,"comment_status":"closed","ping_status":"closed","sticky":false,"template":"","format":"standard","meta":{"footnotes":""},"categories":[12870,174],"tags":[12865,12873],"class_list":["post-224770","post","type-post","status-publish","format-standard","has-post-thumbnail","hentry","category-destacadas","category-estatal","tag-destacadas","tag-estatal"],"jetpack_featured_media_url":"https:\/\/rnoticias.com.mx\/Portal\/wp-content\/uploads\/2025\/07\/unnamed-68.jpg","amp_enabled":true,"_links":{"self":[{"href":"https:\/\/rnoticias.com.mx\/Portal\/wp-json\/wp\/v2\/posts\/224770","targetHints":{"allow":["GET"]}}],"collection":[{"href":"https:\/\/rnoticias.com.mx\/Portal\/wp-json\/wp\/v2\/posts"}],"about":[{"href":"https:\/\/rnoticias.com.mx\/Portal\/wp-json\/wp\/v2\/types\/post"}],"author":[{"embeddable":true,"href":"https:\/\/rnoticias.com.mx\/Portal\/wp-json\/wp\/v2\/users\/2"}],"replies":[{"embeddable":true,"href":"https:\/\/rnoticias.com.mx\/Portal\/wp-json\/wp\/v2\/comments?post=224770"}],"version-history":[{"count":1,"href":"https:\/\/rnoticias.com.mx\/Portal\/wp-json\/wp\/v2\/posts\/224770\/revisions"}],"predecessor-version":[{"id":224772,"href":"https:\/\/rnoticias.com.mx\/Portal\/wp-json\/wp\/v2\/posts\/224770\/revisions\/224772"}],"wp:featuredmedia":[{"embeddable":true,"href":"https:\/\/rnoticias.com.mx\/Portal\/wp-json\/wp\/v2\/media\/224771"}],"wp:attachment":[{"href":"https:\/\/rnoticias.com.mx\/Portal\/wp-json\/wp\/v2\/media?parent=224770"}],"wp:term":[{"taxonomy":"category","embeddable":true,"href":"https:\/\/rnoticias.com.mx\/Portal\/wp-json\/wp\/v2\/categories?post=224770"},{"taxonomy":"post_tag","embeddable":true,"href":"https:\/\/rnoticias.com.mx\/Portal\/wp-json\/wp\/v2\/tags?post=224770"}],"curies":[{"name":"wp","href":"https:\/\/api.w.org\/{rel}","templated":true}]}}