{"id":224766,"date":"2025-07-21T10:29:22","date_gmt":"2025-07-21T17:29:22","guid":{"rendered":"https:\/\/rnoticias.com.mx\/Portal\/?p=224766"},"modified":"2025-07-21T10:29:22","modified_gmt":"2025-07-21T17:29:22","slug":"ine-activa-protocolos-para-el-uso-responsable-de-inteligencia-artificial","status":"publish","type":"post","link":"https:\/\/rnoticias.com.mx\/Portal\/2025\/07\/21\/ine-activa-protocolos-para-el-uso-responsable-de-inteligencia-artificial\/","title":{"rendered":"INE activa protocolos para el uso responsable de Inteligencia Artificial"},"content":{"rendered":"<p class=\"x_MsoNormal\"><span data-olk-copy-source=\"MessageBody\">El Instituto Nacional Electoral (INE), a trav\u00e9s del Grupo de Gobierno de Tecnolog\u00eda de la Informaci\u00f3n y la Comunicaci\u00f3n (GGTIC), present\u00f3 el Informe sobre el uso de Inteligencia Artificial (IA) en los canales de comunicaci\u00f3n institucionales, con el objetivo de establecer los protocolos y lineamientos claros para el uso responsable de esta tecnolog\u00eda en la producci\u00f3n de contenidos.<\/span><\/p>\n<p class=\"x_MsoNormal\">\n<p class=\"x_MsoNormal\">En reuni\u00f3n con la Junta General Ejecutiva, el \u00d3rgano Interno de Control y la Unidad T\u00e9cnica de Servicios de Inform\u00e1tica, la Secretaria Ejecutiva, Claudia Arlett Espino destac\u00f3 que la falta de normatividad sobre la IA representa un reto para las instituciones p\u00fablicas, por lo que el Instituto est\u00e1 comprometido con la definici\u00f3n de criterios y la adopci\u00f3n de protocolos que garanticen el respeto a la legalidad, los derechos humanos y la confianza ciudadana.<\/p>\n<p class=\"x_MsoNormal\">\n<p class=\"x_MsoNormal\">En tanto se consolidan los lineamientos que regular\u00e1n el uso de la IA en los contenidos institucionales y en atenci\u00f3n a la relevancia del debate p\u00fablico que ha generado su utilizaci\u00f3n, el INE determin\u00f3 retirar de su cuenta oficial de TikTok el video en cuesti\u00f3n.<\/p>\n<p class=\"x_MsoNormal\">\n<p class=\"x_MsoNormal\">El Informe del GGTIC subraya que la ausencia de lineamientos t\u00e9cnicos claros en el uso de IA abre la puerta a posibles riesgos como suplantaci\u00f3n de identidad, desinformaci\u00f3n o p\u00e9rdida de confianza p\u00fablica. Por ello, se emitieron las siguientes recomendaciones para atender el vac\u00edo normativo:<\/p>\n<p class=\"x_MsoNormal\">\n<p class=\"x_MsoNormal\">\u2022\u00a0\u00a0\u00a0\u00a0\u00a0\u00a0\u00a0\u00a0 Revisar los mecanismos de operaci\u00f3n actuales y definir lineamientos y protocolos t\u00e9cnicos y operativos institucionales para el uso de IA, con participaci\u00f3n de especialistas, a presentarse en un plazo m\u00e1ximo de 30 d\u00edas a la Junta General Ejecutiva.<\/p>\n<p class=\"x_MsoNormal\">\u00a0\u00a0\u00a0\u00a0\u00a0\u00a0\u00a0\u00a0\u00a0 \u2022\u00a0\u00a0\u00a0\u00a0\u00a0\u00a0\u00a0\u00a0 Establecer un programa integral de capacitaci\u00f3n para el personal del INE en el uso responsable y \u00e9tico de la IA.<\/p>\n<p class=\"x_MsoNormal\">\u00a0\u00a0\u00a0\u00a0\u00a0\u00a0\u00a0\u00a0\u00a0 \u2022\u00a0\u00a0\u00a0\u00a0\u00a0\u00a0\u00a0\u00a0 Definir criterios t\u00e9cnicos que orienten la aplicaci\u00f3n de la IA en el Instituto, alineados con principios institucionales.<\/p>\n<p class=\"x_MsoNormal\">\u00a0\u00a0\u00a0\u00a0\u00a0\u00a0\u00a0\u00a0\u00a0 \u2022\u00a0\u00a0\u00a0\u00a0\u00a0\u00a0\u00a0\u00a0 Elaborar un marco normativo para el desarrollo, adopci\u00f3n, validaci\u00f3n y cumplimiento de las tecnolog\u00edas de IA, garantizando su uso responsable y transparente.<\/p>\n<p class=\"x_MsoNormal\">\n<p class=\"x_MsoNormal\">El INE toma medidas para reafirmar su compromiso con la innovaci\u00f3n tecnol\u00f3gica, la rendici\u00f3n de cuentas y la protecci\u00f3n de los derechos de la ciudadan\u00eda, impulsando acciones concretas para un uso responsable de las nuevas herramientas digitales.<\/p>\n","protected":false},"excerpt":{"rendered":"<p>El Instituto Nacional Electoral (INE), a trav\u00e9s del Grupo de Gobierno de Tecnolog\u00eda de la Informaci\u00f3n y la Comunicaci\u00f3n (GGTIC), present\u00f3 el Informe sobre el uso de Inteligencia Artificial (IA) en los canales de comunicaci\u00f3n institucionales, con el objetivo de establecer los protocolos y lineamientos claros para el uso responsable de esta tecnolog\u00eda en la [&hellip;]<\/p>\n","protected":false},"author":2,"featured_media":224767,"comment_status":"closed","ping_status":"closed","sticky":false,"template":"","format":"standard","meta":{"footnotes":""},"categories":[12870,12868],"tags":[12865,12879],"class_list":["post-224766","post","type-post","status-publish","format-standard","has-post-thumbnail","hentry","category-destacadas","category-politica","tag-destacadas","tag-politica"],"jetpack_featured_media_url":"https:\/\/rnoticias.com.mx\/Portal\/wp-content\/uploads\/2025\/07\/INE-3.jpg","amp_enabled":true,"_links":{"self":[{"href":"https:\/\/rnoticias.com.mx\/Portal\/wp-json\/wp\/v2\/posts\/224766","targetHints":{"allow":["GET"]}}],"collection":[{"href":"https:\/\/rnoticias.com.mx\/Portal\/wp-json\/wp\/v2\/posts"}],"about":[{"href":"https:\/\/rnoticias.com.mx\/Portal\/wp-json\/wp\/v2\/types\/post"}],"author":[{"embeddable":true,"href":"https:\/\/rnoticias.com.mx\/Portal\/wp-json\/wp\/v2\/users\/2"}],"replies":[{"embeddable":true,"href":"https:\/\/rnoticias.com.mx\/Portal\/wp-json\/wp\/v2\/comments?post=224766"}],"version-history":[{"count":1,"href":"https:\/\/rnoticias.com.mx\/Portal\/wp-json\/wp\/v2\/posts\/224766\/revisions"}],"predecessor-version":[{"id":224768,"href":"https:\/\/rnoticias.com.mx\/Portal\/wp-json\/wp\/v2\/posts\/224766\/revisions\/224768"}],"wp:featuredmedia":[{"embeddable":true,"href":"https:\/\/rnoticias.com.mx\/Portal\/wp-json\/wp\/v2\/media\/224767"}],"wp:attachment":[{"href":"https:\/\/rnoticias.com.mx\/Portal\/wp-json\/wp\/v2\/media?parent=224766"}],"wp:term":[{"taxonomy":"category","embeddable":true,"href":"https:\/\/rnoticias.com.mx\/Portal\/wp-json\/wp\/v2\/categories?post=224766"},{"taxonomy":"post_tag","embeddable":true,"href":"https:\/\/rnoticias.com.mx\/Portal\/wp-json\/wp\/v2\/tags?post=224766"}],"curies":[{"name":"wp","href":"https:\/\/api.w.org\/{rel}","templated":true}]}}