{"id":224760,"date":"2025-07-21T09:23:46","date_gmt":"2025-07-21T16:23:46","guid":{"rendered":"https:\/\/rnoticias.com.mx\/Portal\/?p=224760"},"modified":"2025-07-21T09:23:46","modified_gmt":"2025-07-21T16:23:46","slug":"gobierno-de-sonora-invita-a-estudiantes-de-cecyte-a-realizar-su-proceso-de-inscripcion","status":"publish","type":"post","link":"https:\/\/rnoticias.com.mx\/Portal\/2025\/07\/21\/gobierno-de-sonora-invita-a-estudiantes-de-cecyte-a-realizar-su-proceso-de-inscripcion\/","title":{"rendered":"Gobierno de Sonora invita a estudiantes de Cecyte a realizar su proceso de inscripci\u00f3n"},"content":{"rendered":"<p>Hermosillo, Sonora; 21 de julio de 2025.- El Gobierno de Sonora, a trav\u00e9s del Colegio de Estudios Cient\u00edficos y Tecnol\u00f3gicos del Estado de Sonora (Cecyte), informa que el per\u00edodo oficial de inscripciones ser\u00e1 del 20 de julio al 4 de agosto en todos sus planteles del estado.<\/p>\n<p>El proceso se llevar\u00e1 a cabo de forma sencilla a trav\u00e9s de la plataforma \u201cIlani\u201d, ingresando al siguiente enlace:\u00a0<a href=\"https:\/\/ilani.cecytes.edu.mx\/\" target=\"_blank\" rel=\"noopener\" data-saferedirecturl=\"https:\/\/www.google.com\/url?q=https:\/\/ilani.cecytes.edu.mx\/&amp;source=gmail&amp;ust=1753042478033000&amp;usg=AOvVaw0NlrlkWOvVL_-YJwd9iK8g\">https:\/\/ilani.cecytes.edu.mx\/<\/a><\/p>\n<p>Es muy importante realizar la inscripci\u00f3n dentro del plazo establecido para asegurar el lugar en el colegio. En caso de no hacerlo, este ser\u00e1 reasignado conforme a la normatividad del subsistema. Por ello, se invita a las y los j\u00f3venes, as\u00ed como a sus familias, a estar muy atentos a las fechas y requisitos que se indiquen para completar el tr\u00e1mite correctamente.<\/p>\n<p>La directora general de Cecyte Sonora, Blanca Aurelia Valenzuela, destac\u00f3 lo valioso que es este paso para continuar con la formaci\u00f3n educativa, y reafirm\u00f3 el compromiso del Gobierno de Sonora con brindar una educaci\u00f3n accesible, incluyente y de calidad para todas y todos. Adem\u00e1s, record\u00f3 que Cecyte Sonora no cobra colegiatura; \u00fanicamente se realiza el pago de material did\u00e1ctico, el cual est\u00e1 reconocido a nivel nacional.<\/p>\n<p>Actualmente, Cecyte Sonora cuenta con 85 planteles en todo el estado, distribuidos en tres modalidades: 34 Telebachilleratos Comunitarios (TBC), 20 Centros de Educaci\u00f3n Media Superior a Distancia (EMSaD) y 31 planteles escolarizados.<\/p>\n<p>Adem\u00e1s, se ofrecen 24 carreras t\u00e9cnicas mediante las cuales las y los estudiantes pueden obtener t\u00edtulo y c\u00e9dula profesional, dise\u00f1adas para brindar herramientas \u00fatiles y una formaci\u00f3n con un fuerte sentido social.<\/p>\n","protected":false},"excerpt":{"rendered":"<p>Hermosillo, Sonora; 21 de julio de 2025.- El Gobierno de Sonora, a trav\u00e9s del Colegio de Estudios Cient\u00edficos y Tecnol\u00f3gicos del Estado de Sonora (Cecyte), informa que el per\u00edodo oficial de inscripciones ser\u00e1 del 20 de julio al 4 de agosto en todos sus planteles del estado. El proceso se llevar\u00e1 a cabo de forma [&hellip;]<\/p>\n","protected":false},"author":2,"featured_media":224761,"comment_status":"closed","ping_status":"closed","sticky":false,"template":"","format":"standard","meta":{"footnotes":""},"categories":[12870,178],"tags":[12865,12869],"class_list":["post-224760","post","type-post","status-publish","format-standard","has-post-thumbnail","hentry","category-destacadas","category-local","tag-destacadas","tag-local"],"jetpack_featured_media_url":"https:\/\/rnoticias.com.mx\/Portal\/wp-content\/uploads\/2025\/07\/web860-8.jpg","amp_enabled":true,"_links":{"self":[{"href":"https:\/\/rnoticias.com.mx\/Portal\/wp-json\/wp\/v2\/posts\/224760","targetHints":{"allow":["GET"]}}],"collection":[{"href":"https:\/\/rnoticias.com.mx\/Portal\/wp-json\/wp\/v2\/posts"}],"about":[{"href":"https:\/\/rnoticias.com.mx\/Portal\/wp-json\/wp\/v2\/types\/post"}],"author":[{"embeddable":true,"href":"https:\/\/rnoticias.com.mx\/Portal\/wp-json\/wp\/v2\/users\/2"}],"replies":[{"embeddable":true,"href":"https:\/\/rnoticias.com.mx\/Portal\/wp-json\/wp\/v2\/comments?post=224760"}],"version-history":[{"count":1,"href":"https:\/\/rnoticias.com.mx\/Portal\/wp-json\/wp\/v2\/posts\/224760\/revisions"}],"predecessor-version":[{"id":224762,"href":"https:\/\/rnoticias.com.mx\/Portal\/wp-json\/wp\/v2\/posts\/224760\/revisions\/224762"}],"wp:featuredmedia":[{"embeddable":true,"href":"https:\/\/rnoticias.com.mx\/Portal\/wp-json\/wp\/v2\/media\/224761"}],"wp:attachment":[{"href":"https:\/\/rnoticias.com.mx\/Portal\/wp-json\/wp\/v2\/media?parent=224760"}],"wp:term":[{"taxonomy":"category","embeddable":true,"href":"https:\/\/rnoticias.com.mx\/Portal\/wp-json\/wp\/v2\/categories?post=224760"},{"taxonomy":"post_tag","embeddable":true,"href":"https:\/\/rnoticias.com.mx\/Portal\/wp-json\/wp\/v2\/tags?post=224760"}],"curies":[{"name":"wp","href":"https:\/\/api.w.org\/{rel}","templated":true}]}}