{"id":224748,"date":"2025-07-19T13:28:44","date_gmt":"2025-07-19T20:28:44","guid":{"rendered":"https:\/\/rnoticias.com.mx\/Portal\/?p=224748"},"modified":"2025-07-19T13:28:44","modified_gmt":"2025-07-19T20:28:44","slug":"egresados-de-conalep-destacan-por-su-excelencia-academica-e-innovacion-gobierno-de-sonora","status":"publish","type":"post","link":"https:\/\/rnoticias.com.mx\/Portal\/2025\/07\/19\/egresados-de-conalep-destacan-por-su-excelencia-academica-e-innovacion-gobierno-de-sonora\/","title":{"rendered":"Egresados de Conalep destacan por su excelencia acad\u00e9mica e innovaci\u00f3n: Gobierno de Sonora"},"content":{"rendered":"<p>Hermosillo, Sonora; 19 de julio de 2025.- Gracias a la implementaci\u00f3n de modelos acad\u00e9micos basados en la excelencia y la innovaci\u00f3n, cuatro mil 300 estudiantes de la generaci\u00f3n 2022-2025 del Colegio de Educaci\u00f3n Profesional T\u00e9cnica del Estado de Sonora (Conalep) culminaron sus estudios profesionales, como resultado del impulso que el Gobierno de Sonora brinda a la Educaci\u00f3n Media Superior.<\/p>\n<p>A finales de junio y principios de julio, Conalep Sonora celebr\u00f3 las ceremonias de graduaci\u00f3n en sus 14 planteles y en la extensi\u00f3n Cananea, donde se reconoci\u00f3 el gran esfuerzo de las y los j\u00f3venes reci\u00e9n egresados.<\/p>\n<p>La directora general de Conalep Sonora, Luisa Cristina Rodr\u00edguez Ibarra, destac\u00f3 que estos eventos marcaron el cierre de un ciclo fundamental en la vida de las y los estudiantes, quienes, con esfuerzo y dedicaci\u00f3n, concluyeron su formaci\u00f3n en el bachillerato t\u00e9cnico.<\/p>\n<p>Se\u00f1al\u00f3 que la matr\u00edcula en Conalep crece d\u00eda con d\u00eda, derivado de la importancia del modelo de educaci\u00f3n dual y de la alta calidad de los programas acad\u00e9micos que ofrece la instituci\u00f3n. Estos programas han permitido, a lo largo de los a\u00f1os, preparar a j\u00f3venes egresados para enfrentar con \u00e9xito los desaf\u00edos del mundo laboral y profesional, as\u00ed como para continuar con sus estudios de nivel superior.<\/p>\n<p>El compromiso de Conalep Sonora es seguir siendo una instituci\u00f3n de excelencia educativa, donde el desarrollo integral reafirma su misi\u00f3n de ofrecer una educaci\u00f3n de calidad, incluyente y con visi\u00f3n de futuro.<\/p>\n<p>Esta generaci\u00f3n no solo representa el \u00e9xito acad\u00e9mico, sino tambi\u00e9n la fortaleza de una comunidad educativa comprometida con la formaci\u00f3n de profesionales altamente capacitados y con valores firmes.<\/p>\n","protected":false},"excerpt":{"rendered":"<p>Hermosillo, Sonora; 19 de julio de 2025.- Gracias a la implementaci\u00f3n de modelos acad\u00e9micos basados en la excelencia y la innovaci\u00f3n, cuatro mil 300 estudiantes de la generaci\u00f3n 2022-2025 del Colegio de Educaci\u00f3n Profesional T\u00e9cnica del Estado de Sonora (Conalep) culminaron sus estudios profesionales, como resultado del impulso que el Gobierno de Sonora brinda a [&hellip;]<\/p>\n","protected":false},"author":2,"featured_media":224749,"comment_status":"closed","ping_status":"closed","sticky":false,"template":"","format":"standard","meta":{"footnotes":""},"categories":[12870,178],"tags":[12865,12869],"class_list":["post-224748","post","type-post","status-publish","format-standard","has-post-thumbnail","hentry","category-destacadas","category-local","tag-destacadas","tag-local"],"jetpack_featured_media_url":"https:\/\/rnoticias.com.mx\/Portal\/wp-content\/uploads\/2025\/07\/unnamed-2-14.jpg","amp_enabled":true,"_links":{"self":[{"href":"https:\/\/rnoticias.com.mx\/Portal\/wp-json\/wp\/v2\/posts\/224748","targetHints":{"allow":["GET"]}}],"collection":[{"href":"https:\/\/rnoticias.com.mx\/Portal\/wp-json\/wp\/v2\/posts"}],"about":[{"href":"https:\/\/rnoticias.com.mx\/Portal\/wp-json\/wp\/v2\/types\/post"}],"author":[{"embeddable":true,"href":"https:\/\/rnoticias.com.mx\/Portal\/wp-json\/wp\/v2\/users\/2"}],"replies":[{"embeddable":true,"href":"https:\/\/rnoticias.com.mx\/Portal\/wp-json\/wp\/v2\/comments?post=224748"}],"version-history":[{"count":1,"href":"https:\/\/rnoticias.com.mx\/Portal\/wp-json\/wp\/v2\/posts\/224748\/revisions"}],"predecessor-version":[{"id":224750,"href":"https:\/\/rnoticias.com.mx\/Portal\/wp-json\/wp\/v2\/posts\/224748\/revisions\/224750"}],"wp:featuredmedia":[{"embeddable":true,"href":"https:\/\/rnoticias.com.mx\/Portal\/wp-json\/wp\/v2\/media\/224749"}],"wp:attachment":[{"href":"https:\/\/rnoticias.com.mx\/Portal\/wp-json\/wp\/v2\/media?parent=224748"}],"wp:term":[{"taxonomy":"category","embeddable":true,"href":"https:\/\/rnoticias.com.mx\/Portal\/wp-json\/wp\/v2\/categories?post=224748"},{"taxonomy":"post_tag","embeddable":true,"href":"https:\/\/rnoticias.com.mx\/Portal\/wp-json\/wp\/v2\/tags?post=224748"}],"curies":[{"name":"wp","href":"https:\/\/api.w.org\/{rel}","templated":true}]}}