{"id":224742,"date":"2025-07-19T10:58:36","date_gmt":"2025-07-19T17:58:36","guid":{"rendered":"https:\/\/rnoticias.com.mx\/Portal\/?p=224742"},"modified":"2025-07-19T10:58:36","modified_gmt":"2025-07-19T17:58:36","slug":"ee-uu-amenaza-limitar-vuelos-mexicanos-por-incumplir-acuerdos-aereos","status":"publish","type":"post","link":"https:\/\/rnoticias.com.mx\/Portal\/2025\/07\/19\/ee-uu-amenaza-limitar-vuelos-mexicanos-por-incumplir-acuerdos-aereos\/","title":{"rendered":"EE.UU. amenaza limitar vuelos mexicanos por incumplir acuerdos a\u00e9reos"},"content":{"rendered":"<p>Este s\u00e1bado, la administraci\u00f3n de Donald Trump dijo que est\u00e1 tomando una serie de medidas contra M\u00e9xico por la\u00a0<strong>decisi\u00f3n del gobierno mexicano en 2023 de rescindir algunas franjas horarias de vuelo para las aerol\u00edneas de Estados Unidos y oblig\u00f3 a las aerol\u00edneas de carga estadounidenses a reubicar sus operaciones en la Ciudad de M\u00e9xico.<\/strong><\/p>\n<p>A trav\u00e9s de un comunicado, el secretario de Transporte de Estados Unidos, Sean Duffy,<strong>\u00a0dijo que el departamento podr\u00eda rechazar las solicitudes de vuelos de M\u00e9xico si el gobierno no aborda las preocupaciones de Estados Unidos sobre las decisiones tomadas en 2022 y 2023.<\/strong><\/p>\n<p>El departamento tambi\u00e9n propone retirar la inmunidad antimonopolio a la empresa conjunta de Delta Air Line con Aerom\u00e9xico para abordar los problemas de competencia en el mercado.<\/p>\n<p><strong>Por lo que ello el departamento de Transporte afirm\u00f3 que M\u00e9xico no ha cumplido con un acuerdo a\u00e9reo bilateral desde 2022<\/strong>, cuando rescindi\u00f3 abruptamente los slots y oblig\u00f3 a las aerol\u00edneas estadounidenses exclusivamente de carga a reubicar sus operaciones en 2023.<\/p>\n<p>&nbsp;<\/p>\n<p>&nbsp;<\/p>\n<p>Fuente:Latinus<\/p>\n","protected":false},"excerpt":{"rendered":"<p>Este s\u00e1bado, la administraci\u00f3n de Donald Trump dijo que est\u00e1 tomando una serie de medidas contra M\u00e9xico por la\u00a0decisi\u00f3n del gobierno mexicano en 2023 de rescindir algunas franjas horarias de vuelo para las aerol\u00edneas de Estados Unidos y oblig\u00f3 a las aerol\u00edneas de carga estadounidenses a reubicar sus operaciones en la Ciudad de M\u00e9xico. A [&hellip;]<\/p>\n","protected":false},"author":2,"featured_media":224743,"comment_status":"closed","ping_status":"closed","sticky":false,"template":"","format":"standard","meta":{"footnotes":""},"categories":[12870,172],"tags":[12865,12874],"class_list":["post-224742","post","type-post","status-publish","format-standard","has-post-thumbnail","hentry","category-destacadas","category-nacional","tag-destacadas","tag-nacional"],"jetpack_featured_media_url":"https:\/\/rnoticias.com.mx\/Portal\/wp-content\/uploads\/2025\/07\/Aviones-en-pista-del-AICM.jpg-1.webp","amp_enabled":true,"_links":{"self":[{"href":"https:\/\/rnoticias.com.mx\/Portal\/wp-json\/wp\/v2\/posts\/224742","targetHints":{"allow":["GET"]}}],"collection":[{"href":"https:\/\/rnoticias.com.mx\/Portal\/wp-json\/wp\/v2\/posts"}],"about":[{"href":"https:\/\/rnoticias.com.mx\/Portal\/wp-json\/wp\/v2\/types\/post"}],"author":[{"embeddable":true,"href":"https:\/\/rnoticias.com.mx\/Portal\/wp-json\/wp\/v2\/users\/2"}],"replies":[{"embeddable":true,"href":"https:\/\/rnoticias.com.mx\/Portal\/wp-json\/wp\/v2\/comments?post=224742"}],"version-history":[{"count":1,"href":"https:\/\/rnoticias.com.mx\/Portal\/wp-json\/wp\/v2\/posts\/224742\/revisions"}],"predecessor-version":[{"id":224744,"href":"https:\/\/rnoticias.com.mx\/Portal\/wp-json\/wp\/v2\/posts\/224742\/revisions\/224744"}],"wp:featuredmedia":[{"embeddable":true,"href":"https:\/\/rnoticias.com.mx\/Portal\/wp-json\/wp\/v2\/media\/224743"}],"wp:attachment":[{"href":"https:\/\/rnoticias.com.mx\/Portal\/wp-json\/wp\/v2\/media?parent=224742"}],"wp:term":[{"taxonomy":"category","embeddable":true,"href":"https:\/\/rnoticias.com.mx\/Portal\/wp-json\/wp\/v2\/categories?post=224742"},{"taxonomy":"post_tag","embeddable":true,"href":"https:\/\/rnoticias.com.mx\/Portal\/wp-json\/wp\/v2\/tags?post=224742"}],"curies":[{"name":"wp","href":"https:\/\/api.w.org\/{rel}","templated":true}]}}