{"id":224736,"date":"2025-07-19T10:55:15","date_gmt":"2025-07-19T17:55:15","guid":{"rendered":"https:\/\/rnoticias.com.mx\/Portal\/?p=224736"},"modified":"2025-07-19T10:55:15","modified_gmt":"2025-07-19T17:55:15","slug":"ine-retira-video-de-actor-de-doblaje-tras-falta-de-normatividad-en-ia","status":"publish","type":"post","link":"https:\/\/rnoticias.com.mx\/Portal\/2025\/07\/19\/ine-retira-video-de-actor-de-doblaje-tras-falta-de-normatividad-en-ia\/","title":{"rendered":"INE retira video de actor de doblaje tras falta de normatividad en IA"},"content":{"rendered":"<p>El\u00a0<strong>Instituto Nacional Electoral<\/strong>\u00a0(INE) de M\u00e9xico inform\u00f3 este viernes que retirar\u00e1 el video promocional de la red social\u00a0<strong>(TikTok)<\/strong>\u00a0en el que se le acus\u00f3 de haber usado la voz del fallecido actor de doblaje Pepe Lavat mediante herramientas de Inteligencia Artificial (IA), y se\u00f1al\u00f3\u00a0<strong>\u201cla falta de normatividad\u201d en la materia.<\/strong><\/p>\n<p><strong>\u201cEn tanto se consolidan los lineamientos que regular\u00e1n el uso de la IA en los contenidos institucionales y en atenci\u00f3n a la relevancia del debate p\u00fablico que ha generado su utilizaci\u00f3n, el INE determin\u00f3 retirar de su cuenta oficial de TikTok el video en cuesti\u00f3n\u201d,<\/strong>\u00a0apunt\u00f3 la instituci\u00f3n.<\/p>\n<p>A trav\u00e9s de un comunicado adjunto se destac\u00f3 que el INE, a trav\u00e9s del Grupo de Gobierno de Tecnolog\u00eda de la Informaci\u00f3n y la Comunicaci\u00f3n (GGTC),\u00a0<strong>\u201cpresent\u00f3 el Informe sobre el uso de la IA en los canales de comunicaci\u00f3n institucionales, con el objetivo de establecer los protocolos y lineamientos claros para el uso responsable de esta tecnolog\u00eda en la producci\u00f3n de contenidos\u201d.\u00a0<\/strong><\/p>\n<p>Seg\u00fan el ente electoral, dicho informe\u00a0<strong>\u201csubraya que la ausencia de los lineamientos t\u00e9cnicos claros en el uso de la IA abre la puerta a posibles riesgos como suplantaci\u00f3n de identidad, desinformaci\u00f3n o p\u00e9rdida de confianza p\u00fablica\u201d.\u00a0<\/strong><\/p>\n<p>En ese sentido, el informe emite una serie de recomendaciones para \u201c<strong>revisar los mecanismos de operaci\u00f3n actuales y definir los protocolos t\u00e9cnicos y operativos institucionales para el uso de la IA\u201d<\/strong>, as\u00ed como\u00a0<strong>\u201cestablecer un programa integral de capacitaci\u00f3n para el personal del INE en el uso responsable\u201d\u00a0<\/strong>de esta tecnolog\u00eda.<\/p>\n<p>El documento tambi\u00e9n reiter\u00f3 la necesidad de \u201c<strong>elaborar un marco normativo para el desarrollo, adopci\u00f3n, validaci\u00f3n y cumplimiento\u201d\u00a0<\/strong>de este tipo de inteligencia.<\/p>\n<p>Asimismo, el comunicado expres\u00f3 que en una reuni\u00f3n con la Junta General Ejecutiva, el \u00d3rgano Interno de Control y la Unidad T\u00e9cnica de Servicios de Inform\u00e1tica, la secretaria Ejecutiva, Claudia Arlett Espino resalt\u00f3 que esta ausencia normativa\u00a0<strong>\u201crepresenta un reto para las instituciones p\u00fablicas, por lo que reafirm\u00f3 el compromiso para la definici\u00f3n de criterios y la adopci\u00f3n de protocolos\u201d.\u00a0<\/strong><\/p>\n<p>Esta respuesta por parte de INE surge luego de la publicaci\u00f3n de un spot con<strong>\u00a0la emblem\u00e1tica voz de Goku, del programa Dragon Ball Z, -interpretada por Lavat, fallecido en 2018-,\u00a0<\/strong>que provoc\u00f3 la indignaci\u00f3n del gremio despu\u00e9s de que la viuda del actor, Gisela Casillas, denunci\u00f3 el uso de la voz de su esposo sin el consentimiento de la familia.<\/p>\n<p>En M\u00e9xico a\u00fan no existe una regulaci\u00f3n del uso de la<strong>\u00a0IA en productos y servicios, lo que incluso ha provocado protestas en la Ciudad de M\u00e9xico para frenar la clonaci\u00f3n y el uso no autorizado de sus voces en productos comerciales o audiovisuales.<\/strong><\/p>\n<p>&nbsp;<\/p>\n<p>&nbsp;<\/p>\n<p>Fuente:EFE<\/p>\n","protected":false},"excerpt":{"rendered":"<p>El\u00a0Instituto Nacional Electoral\u00a0(INE) de M\u00e9xico inform\u00f3 este viernes que retirar\u00e1 el video promocional de la red social\u00a0(TikTok)\u00a0en el que se le acus\u00f3 de haber usado la voz del fallecido actor de doblaje Pepe Lavat mediante herramientas de Inteligencia Artificial (IA), y se\u00f1al\u00f3\u00a0\u201cla falta de normatividad\u201d en la materia. \u201cEn tanto se consolidan los lineamientos que [&hellip;]<\/p>\n","protected":false},"author":2,"featured_media":224737,"comment_status":"closed","ping_status":"closed","sticky":false,"template":"","format":"standard","meta":{"footnotes":""},"categories":[12870,172],"tags":[12865,12874],"class_list":["post-224736","post","type-post","status-publish","format-standard","has-post-thumbnail","hentry","category-destacadas","category-nacional","tag-destacadas","tag-nacional"],"jetpack_featured_media_url":"https:\/\/rnoticias.com.mx\/Portal\/wp-content\/uploads\/2025\/07\/266359xeva20250719080232.webp","amp_enabled":true,"_links":{"self":[{"href":"https:\/\/rnoticias.com.mx\/Portal\/wp-json\/wp\/v2\/posts\/224736","targetHints":{"allow":["GET"]}}],"collection":[{"href":"https:\/\/rnoticias.com.mx\/Portal\/wp-json\/wp\/v2\/posts"}],"about":[{"href":"https:\/\/rnoticias.com.mx\/Portal\/wp-json\/wp\/v2\/types\/post"}],"author":[{"embeddable":true,"href":"https:\/\/rnoticias.com.mx\/Portal\/wp-json\/wp\/v2\/users\/2"}],"replies":[{"embeddable":true,"href":"https:\/\/rnoticias.com.mx\/Portal\/wp-json\/wp\/v2\/comments?post=224736"}],"version-history":[{"count":1,"href":"https:\/\/rnoticias.com.mx\/Portal\/wp-json\/wp\/v2\/posts\/224736\/revisions"}],"predecessor-version":[{"id":224738,"href":"https:\/\/rnoticias.com.mx\/Portal\/wp-json\/wp\/v2\/posts\/224736\/revisions\/224738"}],"wp:featuredmedia":[{"embeddable":true,"href":"https:\/\/rnoticias.com.mx\/Portal\/wp-json\/wp\/v2\/media\/224737"}],"wp:attachment":[{"href":"https:\/\/rnoticias.com.mx\/Portal\/wp-json\/wp\/v2\/media?parent=224736"}],"wp:term":[{"taxonomy":"category","embeddable":true,"href":"https:\/\/rnoticias.com.mx\/Portal\/wp-json\/wp\/v2\/categories?post=224736"},{"taxonomy":"post_tag","embeddable":true,"href":"https:\/\/rnoticias.com.mx\/Portal\/wp-json\/wp\/v2\/tags?post=224736"}],"curies":[{"name":"wp","href":"https:\/\/api.w.org\/{rel}","templated":true}]}}