{"id":224733,"date":"2025-07-19T10:54:14","date_gmt":"2025-07-19T17:54:14","guid":{"rendered":"https:\/\/rnoticias.com.mx\/Portal\/?p=224733"},"modified":"2025-07-19T10:54:14","modified_gmt":"2025-07-19T17:54:14","slug":"calor-y-baja-clientela-afectan-a-restaurantes-en-obregon","status":"publish","type":"post","link":"https:\/\/rnoticias.com.mx\/Portal\/2025\/07\/19\/calor-y-baja-clientela-afectan-a-restaurantes-en-obregon\/","title":{"rendered":"Calor y baja clientela afectan a restaurantes en Obreg\u00f3n"},"content":{"rendered":"<div data-olk-copy-source=\"MessageBody\">El calor extremo y el alza en los costos de energ\u00eda el\u00e9ctrica han puesto a prueba la resistencia del sector restaurantero en Cajeme.<\/div>\n<div aria-hidden=\"true\"><\/div>\n<div>Edna Tavares, presidenta de Canirac en ese municipio, expuso que los negocios operan en condiciones complejas, priorizando estrategias de contenci\u00f3n para evitar el cierre de establecimientos ante la baja afluencia de clientes durante el d\u00eda y el incremento en gastos operativos.<\/div>\n<div><\/div>\n<div>\u201cSe ha hecho ajuste en el n\u00famero de trabajadores para no impactar tanto en el bolsillo del cliente subiendo mucho los costos en un men\u00fa porque suben los insumos tambi\u00e9n, si se busca el c\u00f3mo hacer un ajuste con los empleados y que abarquen m\u00e1s de lo que les tocar\u00eda\u201d, dijo.<\/div>\n<div aria-hidden=\"true\"><\/div>\n<div>Recalc\u00f3, que el uso constante de aires acondicionados representa un gasto considerable, por lo que los propietarios se ven obligados a equilibrar la calidad del servicio con medidas de ahorro que les permitan sostenerse sin sacrificar al consumidor.<\/div>\n<div aria-hidden=\"true\"><\/div>\n<div>Finalmente, la presidenta de Canirac en Ciudad Obreg\u00f3n, explic\u00f3 que aunque la situaci\u00f3n es complicada, los 30 negocios afiliados a la c\u00e1mara contin\u00faan en operaci\u00f3n.<\/div>\n","protected":false},"excerpt":{"rendered":"<p>El calor extremo y el alza en los costos de energ\u00eda el\u00e9ctrica han puesto a prueba la resistencia del sector restaurantero en Cajeme. Edna Tavares, presidenta de Canirac en ese municipio, expuso que los negocios operan en condiciones complejas, priorizando estrategias de contenci\u00f3n para evitar el cierre de establecimientos ante la baja afluencia de clientes [&hellip;]<\/p>\n","protected":false},"author":2,"featured_media":224734,"comment_status":"closed","ping_status":"closed","sticky":false,"template":"","format":"standard","meta":{"footnotes":""},"categories":[12870,174],"tags":[12865,12873],"class_list":["post-224733","post","type-post","status-publish","format-standard","has-post-thumbnail","hentry","category-destacadas","category-estatal","tag-destacadas","tag-estatal"],"jetpack_featured_media_url":"https:\/\/rnoticias.com.mx\/Portal\/wp-content\/uploads\/2025\/07\/IBXKSFDXN5F37MQTTIPKD35OBM.jpeg","amp_enabled":true,"_links":{"self":[{"href":"https:\/\/rnoticias.com.mx\/Portal\/wp-json\/wp\/v2\/posts\/224733","targetHints":{"allow":["GET"]}}],"collection":[{"href":"https:\/\/rnoticias.com.mx\/Portal\/wp-json\/wp\/v2\/posts"}],"about":[{"href":"https:\/\/rnoticias.com.mx\/Portal\/wp-json\/wp\/v2\/types\/post"}],"author":[{"embeddable":true,"href":"https:\/\/rnoticias.com.mx\/Portal\/wp-json\/wp\/v2\/users\/2"}],"replies":[{"embeddable":true,"href":"https:\/\/rnoticias.com.mx\/Portal\/wp-json\/wp\/v2\/comments?post=224733"}],"version-history":[{"count":1,"href":"https:\/\/rnoticias.com.mx\/Portal\/wp-json\/wp\/v2\/posts\/224733\/revisions"}],"predecessor-version":[{"id":224735,"href":"https:\/\/rnoticias.com.mx\/Portal\/wp-json\/wp\/v2\/posts\/224733\/revisions\/224735"}],"wp:featuredmedia":[{"embeddable":true,"href":"https:\/\/rnoticias.com.mx\/Portal\/wp-json\/wp\/v2\/media\/224734"}],"wp:attachment":[{"href":"https:\/\/rnoticias.com.mx\/Portal\/wp-json\/wp\/v2\/media?parent=224733"}],"wp:term":[{"taxonomy":"category","embeddable":true,"href":"https:\/\/rnoticias.com.mx\/Portal\/wp-json\/wp\/v2\/categories?post=224733"},{"taxonomy":"post_tag","embeddable":true,"href":"https:\/\/rnoticias.com.mx\/Portal\/wp-json\/wp\/v2\/tags?post=224733"}],"curies":[{"name":"wp","href":"https:\/\/api.w.org\/{rel}","templated":true}]}}