{"id":224729,"date":"2025-07-19T10:50:39","date_gmt":"2025-07-19T17:50:39","guid":{"rendered":"https:\/\/rnoticias.com.mx\/Portal\/?p=224729"},"modified":"2025-07-19T10:50:39","modified_gmt":"2025-07-19T17:50:39","slug":"mujer-fallece-durante-la-primera-noche-del-festival-tomorrowland","status":"publish","type":"post","link":"https:\/\/rnoticias.com.mx\/Portal\/2025\/07\/19\/mujer-fallece-durante-la-primera-noche-del-festival-tomorrowland\/","title":{"rendered":"Mujer fallece durante la primera noche del festival Tomorrowland"},"content":{"rendered":"<p>Una mujer canadiense de 35 a\u00f1os muri\u00f3 durante la noche del viernes mientras asist\u00eda a la inauguraci\u00f3n del festival de m\u00fasica electr\u00f3nica belga Tomorrowland, seg\u00fan informaron medios locales este s\u00e1bado.<\/p>\n<p>La v\u00edctima falleci\u00f3 tras sufrir un colapso en el festival, inform\u00f3 la Fiscal\u00eda de Amberes, prov\u00edncia en la que se celebra el evento.<\/p>\n<p>Los medios belgas indicaron que se ha abierto una investigaci\u00f3n sobre las circunstancias de su muerte y se realizar\u00e1 una autopsia para determinar si hab\u00eda consumido drogas.<\/p>\n<p>Los equipos de emergencia intentaron reanimarla en el acto, pero finalmente falleci\u00f3 tras ser trasladada a un hospital en estado cr\u00edtico.<\/p>\n<p>&#8220;Recibi\u00f3 primeros auxilios antes de ser trasladada a la UZA&#8221;, confirm\u00f3 a los medios locales la portavoz de la organizaci\u00f3n del festival, Debby Wilmsen. &#8220;Nos enteramos de que falleci\u00f3 all\u00ed. Expresamos nuestra solidaridad con su familia, amigos y seres queridos. La Fiscal\u00eda de Amberes est\u00e1 investigando la causa de la muerte y proporcionar\u00e1 m\u00e1s informaci\u00f3n al respecto pr\u00f3ximamente&#8221;, a\u00f1adi\u00f3.<\/p>\n<p>Tomorrowland recibe cada a\u00f1o a m\u00e1s de 400.00 personas de m\u00e1s de 200 nacionalidades diferentes en s\u00f3lo dos fines de semana.<\/p>\n<p>El pasado mi\u00e9rcoles, a dos d\u00edas de su inauguraci\u00f3n, un incendio destruy\u00f3 el escenario principal del festival. Tras el suceso, la organizaci\u00f3n decidi\u00f3 mantener abierto el acceso a todo el recinto e instal\u00f3 en menos de 24 horas un nuevo escenario.<\/p>\n<p>La Fiscal\u00eda de Amberes solicit\u00f3 al juez de instrucci\u00f3n que investigara el incendio para determinar la causa exacta.<\/p>\n<p>Por otra parte, la Fiscal\u00eda de Amberes anunci\u00f3 tambi\u00e9n esta semana que el Instituto Nacional de Criminal\u00edstica y Criminolog\u00eda (NCIC) iba a instalar un laboratorio m\u00f3vil de an\u00e1lisis de drogas en las instalaciones de Tomorrowland, por segundo a\u00f1o consecutivo, debido a que en los \u00faltimos a\u00f1os se han extendido cada vez m\u00e1s las nuevas sustancias psicoactivas y los c\u00f3cteles de diferentes drogas.<\/p>\n<p>&nbsp;<\/p>\n<p>Fuente:EFE<\/p>\n","protected":false},"excerpt":{"rendered":"<p>Una mujer canadiense de 35 a\u00f1os muri\u00f3 durante la noche del viernes mientras asist\u00eda a la inauguraci\u00f3n del festival de m\u00fasica electr\u00f3nica belga Tomorrowland, seg\u00fan informaron medios locales este s\u00e1bado. La v\u00edctima falleci\u00f3 tras sufrir un colapso en el festival, inform\u00f3 la Fiscal\u00eda de Amberes, prov\u00edncia en la que se celebra el evento. Los medios [&hellip;]<\/p>\n","protected":false},"author":2,"featured_media":224731,"comment_status":"closed","ping_status":"closed","sticky":false,"template":"","format":"standard","meta":{"footnotes":""},"categories":[12870,219],"tags":[12865,12875],"class_list":["post-224729","post","type-post","status-publish","format-standard","has-post-thumbnail","hentry","category-destacadas","category-espectaculos","tag-destacadas","tag-espectaculos"],"jetpack_featured_media_url":"https:\/\/rnoticias.com.mx\/Portal\/wp-content\/uploads\/2025\/07\/Fallece_mujer_durante_la_primera_noche_del_festival_Tomorrowland_dc4963c8b0-1.jpg","amp_enabled":true,"_links":{"self":[{"href":"https:\/\/rnoticias.com.mx\/Portal\/wp-json\/wp\/v2\/posts\/224729","targetHints":{"allow":["GET"]}}],"collection":[{"href":"https:\/\/rnoticias.com.mx\/Portal\/wp-json\/wp\/v2\/posts"}],"about":[{"href":"https:\/\/rnoticias.com.mx\/Portal\/wp-json\/wp\/v2\/types\/post"}],"author":[{"embeddable":true,"href":"https:\/\/rnoticias.com.mx\/Portal\/wp-json\/wp\/v2\/users\/2"}],"replies":[{"embeddable":true,"href":"https:\/\/rnoticias.com.mx\/Portal\/wp-json\/wp\/v2\/comments?post=224729"}],"version-history":[{"count":1,"href":"https:\/\/rnoticias.com.mx\/Portal\/wp-json\/wp\/v2\/posts\/224729\/revisions"}],"predecessor-version":[{"id":224732,"href":"https:\/\/rnoticias.com.mx\/Portal\/wp-json\/wp\/v2\/posts\/224729\/revisions\/224732"}],"wp:featuredmedia":[{"embeddable":true,"href":"https:\/\/rnoticias.com.mx\/Portal\/wp-json\/wp\/v2\/media\/224731"}],"wp:attachment":[{"href":"https:\/\/rnoticias.com.mx\/Portal\/wp-json\/wp\/v2\/media?parent=224729"}],"wp:term":[{"taxonomy":"category","embeddable":true,"href":"https:\/\/rnoticias.com.mx\/Portal\/wp-json\/wp\/v2\/categories?post=224729"},{"taxonomy":"post_tag","embeddable":true,"href":"https:\/\/rnoticias.com.mx\/Portal\/wp-json\/wp\/v2\/tags?post=224729"}],"curies":[{"name":"wp","href":"https:\/\/api.w.org\/{rel}","templated":true}]}}