{"id":224720,"date":"2025-07-19T10:37:40","date_gmt":"2025-07-19T17:37:40","guid":{"rendered":"https:\/\/rnoticias.com.mx\/Portal\/?p=224720"},"modified":"2025-07-19T10:37:40","modified_gmt":"2025-07-19T17:37:40","slug":"asume-roberto-sitten-ayala-presidencia-de-la-aimmgm-distrito-sonora","status":"publish","type":"post","link":"https:\/\/rnoticias.com.mx\/Portal\/2025\/07\/19\/asume-roberto-sitten-ayala-presidencia-de-la-aimmgm-distrito-sonora\/","title":{"rendered":"Asume Roberto Sitten Ayala presidencia de la AIMMGM Distrito Sonora"},"content":{"rendered":"<p>Hermosillo, Sonora; 18 julio 2025.- Bajo la premisa de impulsar acciones que impulsen el desarrollo econ\u00f3mico, social y sostenible del estado; adem\u00e1s de trabajar de manera coordinada con los tres niveles de Gobierno, instituciones educativas y con las comunidades para consolidar a Sonora como el principal estado minero de M\u00e9xico, Roberto Sitten Ayala, rindi\u00f3 protesta como presidente de la Asociaci\u00f3n de Ingenieros de Minas, Metalurgistas y Ge\u00f3logos de M\u00e9xico (AIMMGM) Distrito Sonora.<\/p>\n<p>Durante el evento al que se dieron cita la familia minera; autoridades estatales y municipales; integrantes de organismos empresariales; familiares y amigos; Sitten Ayala luego de rendir protesta ante Rub\u00e9n del Pozo Mendoza, presidente de la AIMMGM, subray\u00f3 la relevancia del sector minero sonorense en la econom\u00eda estatal.<\/p>\n<p>\u201cLa miner\u00eda en Sonora actualmente representa uno de los mayores porcentajes de la actividad econ\u00f3mica en el estado, aportando alrededor del 23% del PIB estatal y si le incluimos la proveedur\u00eda minera andamos alrededor del 30%. Tiene un impacto significativo en empleos y desarrollo de las comunidades\u201d, resalt\u00f3.<\/p>\n<p>Este sector, se\u00f1al\u00f3 el nuevo presidente, aporta positivamente en el desarrollo social, infraestructura y bienestar, ya que dijo, las empresas mineras, adem\u00e1s de contribuir econ\u00f3micamente, impactan de manera favorable en las zonas donde operan al generar oportunidades y mejorar la calidad de vida de las personas.<\/p>\n<p>Actualmente, agreg\u00f3, la industria enfrenta desaf\u00edos importantes. Seg\u00fan el \u00edndice Fraser, que eval\u00faa las atracciones de inversi\u00f3n minera a nivel mundial, M\u00e9xico cay\u00f3 del puesto 37 al 74 en 2023. Sin embargo, asegur\u00f3, Sonora tiene una gran oportunidad para crecer si se establecen condiciones favorables para la inversi\u00f3n, siempre cuidando el medio ambiente y promoviendo un desarrollo responsable.<\/p>\n<p>\u201cSonora tiene la gran oportunidad de crecer muy importante si las condiciones son favorables para la inversi\u00f3n y as\u00ed lograr el desarrollo social cuidando el medio ambiente, sin miner\u00eda no hay energ\u00edas renovables, y repito esto, sin miner\u00eda no hay energ\u00edas renovables\u201d, sostuvo.<\/p>\n<p>Sitten Ayala, a\u00f1adi\u00f3, \u201clos profesionales de las ciencias de la tierra creemos en un desarrollo que mejore la vida de las personas, en una miner\u00eda responsable y en un futuro sustentable. La miner\u00eda no es cuesti\u00f3n de ideolog\u00edas, sino de sentido com\u00fan y visi\u00f3n de largo plazo\u201d.<\/p>\n<p>Por su parte Rub\u00e9n del Pozo Mendoza, presidente nacional de la AIMMGM, enfatiz\u00f3 que, \u201cen el 2024 la actividad minera creci\u00f3 un 6.6% respecto al a\u00f1o anterior seg\u00fan INEGI, reflejo del Plan Sonora en cuanto a energ\u00edas sostenibles y colaboraci\u00f3n de Gobierno Estatal, Federal e Industrial. Enfrentamos retos que debemos de enfrentar con responsabilidad y ambiental, la reciente reforma a la Ley Minera y las nuevas reformas ambientales traen incertidumbre, es vital que trabajemos de la mano con comunidades y autoridades para construir regulaciones claras y eficientes y sostenibles\u201d.<\/p>\n<p>Durante su participaci\u00f3n y en representaci\u00f3n de Alfonso Durazo Monta\u00f1o, gobernador de Sonora, Roberto Gradillas Pineda, indic\u00f3 que, \u201cla miner\u00eda representa una fuente fundamental de la econom\u00eda en Sonora, hay que reconocer, como muchas industrias a nivel global representa retos, pero los retos hay que enfrentarlos, haciendo equipo, trabajando unidos, construyendo con proyectos que nos permitan avanzar para encontrar soluciones que nos permitan crecer y generar desarrollo para las familias de nuestro estado\u201d.<\/p>\n<p>En la Toma de Protesta del Comit\u00e9 Directivo Local Bienio 2025-2027, estuvieron David Ramos F\u00e9lix, presidente del CDL Bienio 2023-2025 de AIMMGM Distrito Sonora; Iris S\u00e1nchez Chiu, presidenta de la Comisi\u00f3n de Miner\u00eda del Congreso del Estado; Drew Holster, c\u00f3nsul general de Estados Unidos en Hermosillo y Omar del Valle Colosio, presidente de la mesa directiva en el Congreso de Sonora.<\/p>\n<p>Comit\u00e9 Directivo Local Bienio 2025-2027<br \/>\nPresidente &#8211; Roberto Sitten Ayala<br \/>\nVicepresidente \u2013 Ram\u00f3n H. Luna Espinoza<br \/>\nSecretaria \u2013 Elizabeth Araux S\u00e1nchez<br \/>\nTesorero \u2013 Javier L\u00f3pez Hugez<\/p>\n","protected":false},"excerpt":{"rendered":"<p>Hermosillo, Sonora; 18 julio 2025.- Bajo la premisa de impulsar acciones que impulsen el desarrollo econ\u00f3mico, social y sostenible del estado; adem\u00e1s de trabajar de manera coordinada con los tres niveles de Gobierno, instituciones educativas y con las comunidades para consolidar a Sonora como el principal estado minero de M\u00e9xico, Roberto Sitten Ayala, rindi\u00f3 protesta [&hellip;]<\/p>\n","protected":false},"author":2,"featured_media":224721,"comment_status":"closed","ping_status":"closed","sticky":false,"template":"","format":"standard","meta":{"footnotes":""},"categories":[12870,178],"tags":[12865,12869],"class_list":["post-224720","post","type-post","status-publish","format-standard","has-post-thumbnail","hentry","category-destacadas","category-local","tag-destacadas","tag-local"],"jetpack_featured_media_url":"https:\/\/rnoticias.com.mx\/Portal\/wp-content\/uploads\/2025\/07\/490a6d29-bfcf-4d86-a762-2f4372698cf2.jpg","amp_enabled":true,"_links":{"self":[{"href":"https:\/\/rnoticias.com.mx\/Portal\/wp-json\/wp\/v2\/posts\/224720","targetHints":{"allow":["GET"]}}],"collection":[{"href":"https:\/\/rnoticias.com.mx\/Portal\/wp-json\/wp\/v2\/posts"}],"about":[{"href":"https:\/\/rnoticias.com.mx\/Portal\/wp-json\/wp\/v2\/types\/post"}],"author":[{"embeddable":true,"href":"https:\/\/rnoticias.com.mx\/Portal\/wp-json\/wp\/v2\/users\/2"}],"replies":[{"embeddable":true,"href":"https:\/\/rnoticias.com.mx\/Portal\/wp-json\/wp\/v2\/comments?post=224720"}],"version-history":[{"count":1,"href":"https:\/\/rnoticias.com.mx\/Portal\/wp-json\/wp\/v2\/posts\/224720\/revisions"}],"predecessor-version":[{"id":224722,"href":"https:\/\/rnoticias.com.mx\/Portal\/wp-json\/wp\/v2\/posts\/224720\/revisions\/224722"}],"wp:featuredmedia":[{"embeddable":true,"href":"https:\/\/rnoticias.com.mx\/Portal\/wp-json\/wp\/v2\/media\/224721"}],"wp:attachment":[{"href":"https:\/\/rnoticias.com.mx\/Portal\/wp-json\/wp\/v2\/media?parent=224720"}],"wp:term":[{"taxonomy":"category","embeddable":true,"href":"https:\/\/rnoticias.com.mx\/Portal\/wp-json\/wp\/v2\/categories?post=224720"},{"taxonomy":"post_tag","embeddable":true,"href":"https:\/\/rnoticias.com.mx\/Portal\/wp-json\/wp\/v2\/tags?post=224720"}],"curies":[{"name":"wp","href":"https:\/\/api.w.org\/{rel}","templated":true}]}}