{"id":224716,"date":"2025-07-18T16:29:56","date_gmt":"2025-07-18T23:29:56","guid":{"rendered":"https:\/\/rnoticias.com.mx\/Portal\/?p=224716"},"modified":"2025-07-18T16:29:56","modified_gmt":"2025-07-18T23:29:56","slug":"se-mantendran-las-lluvias-todo-este-fin-de-semana-en-sonora-conagua","status":"publish","type":"post","link":"https:\/\/rnoticias.com.mx\/Portal\/2025\/07\/18\/se-mantendran-las-lluvias-todo-este-fin-de-semana-en-sonora-conagua\/","title":{"rendered":"Se mantendr\u00e1n las lluvias todo este fin de semana en Sonora: Conagua"},"content":{"rendered":"<div data-olk-copy-source=\"MessageBody\">De nueva cuenta este fin de semana en Sonora habr\u00e1 presencia de lluvias en diversos puntos de la entidad, resalt\u00f3 la Comisi\u00f3n Nacional del Agua (Conagua).<\/div>\n<div aria-hidden=\"true\"><\/div>\n<div>Gilberto Lagarda V\u00e1zquez, especialista t\u00e9cnico de la Comisi\u00f3n del Agua en Sonora, se\u00f1al\u00f3 que el monz\u00f3n de Norteam\u00e9rica sigue dejando efectos a la entidad y ello se traducir\u00e1 en precipitaciones viernes, s\u00e1bado y domingo.<\/div>\n<div><\/div>\n<div><b>\u201cGenerar\u00e1 un aumento y una alta afluencia de humedad del oc\u00e9ano pacifico y con estos sube las posibilidades de lluvia entre un 50 a un 60 por ciento para el sur y oriente de estado y de un 40 para el centro y norte de Sonora para estos d\u00edas\u201d, coment\u00f3.<\/b><\/div>\n<div aria-hidden=\"true\"><\/div>\n<div>Detall\u00f3, que para el domingo las lluvias abarcar\u00e1n m\u00e1s del 70 por ciento del territorio sonorense, salvo los municipios de Caborca, Sonoyta, Puerto Pe\u00f1asco y San Luis R\u00edo Colorado.<\/div>\n<div aria-hidden=\"true\"><\/div>\n<div>En lo que respecta a las temperaturas, Lagarda V\u00e1zquez declar\u00f3 que los valores m\u00e1s altos que se pueden registrar este fin de semana ser\u00e1 de 43 grados en el municipio de Hermosillo.<\/div>\n","protected":false},"excerpt":{"rendered":"<p>De nueva cuenta este fin de semana en Sonora habr\u00e1 presencia de lluvias en diversos puntos de la entidad, resalt\u00f3 la Comisi\u00f3n Nacional del Agua (Conagua). Gilberto Lagarda V\u00e1zquez, especialista t\u00e9cnico de la Comisi\u00f3n del Agua en Sonora, se\u00f1al\u00f3 que el monz\u00f3n de Norteam\u00e9rica sigue dejando efectos a la entidad y ello se traducir\u00e1 en [&hellip;]<\/p>\n","protected":false},"author":2,"featured_media":224717,"comment_status":"closed","ping_status":"closed","sticky":false,"template":"","format":"standard","meta":{"footnotes":""},"categories":[12870,178],"tags":[12865,12869],"class_list":["post-224716","post","type-post","status-publish","format-standard","has-post-thumbnail","hentry","category-destacadas","category-local","tag-destacadas","tag-local"],"jetpack_featured_media_url":"https:\/\/rnoticias.com.mx\/Portal\/wp-content\/uploads\/2025\/07\/lluvias-culiacan-sinaloa-focus-0-0-966-544.jpg","amp_enabled":true,"_links":{"self":[{"href":"https:\/\/rnoticias.com.mx\/Portal\/wp-json\/wp\/v2\/posts\/224716","targetHints":{"allow":["GET"]}}],"collection":[{"href":"https:\/\/rnoticias.com.mx\/Portal\/wp-json\/wp\/v2\/posts"}],"about":[{"href":"https:\/\/rnoticias.com.mx\/Portal\/wp-json\/wp\/v2\/types\/post"}],"author":[{"embeddable":true,"href":"https:\/\/rnoticias.com.mx\/Portal\/wp-json\/wp\/v2\/users\/2"}],"replies":[{"embeddable":true,"href":"https:\/\/rnoticias.com.mx\/Portal\/wp-json\/wp\/v2\/comments?post=224716"}],"version-history":[{"count":1,"href":"https:\/\/rnoticias.com.mx\/Portal\/wp-json\/wp\/v2\/posts\/224716\/revisions"}],"predecessor-version":[{"id":224718,"href":"https:\/\/rnoticias.com.mx\/Portal\/wp-json\/wp\/v2\/posts\/224716\/revisions\/224718"}],"wp:featuredmedia":[{"embeddable":true,"href":"https:\/\/rnoticias.com.mx\/Portal\/wp-json\/wp\/v2\/media\/224717"}],"wp:attachment":[{"href":"https:\/\/rnoticias.com.mx\/Portal\/wp-json\/wp\/v2\/media?parent=224716"}],"wp:term":[{"taxonomy":"category","embeddable":true,"href":"https:\/\/rnoticias.com.mx\/Portal\/wp-json\/wp\/v2\/categories?post=224716"},{"taxonomy":"post_tag","embeddable":true,"href":"https:\/\/rnoticias.com.mx\/Portal\/wp-json\/wp\/v2\/tags?post=224716"}],"curies":[{"name":"wp","href":"https:\/\/api.w.org\/{rel}","templated":true}]}}