{"id":224713,"date":"2025-07-18T16:28:52","date_gmt":"2025-07-18T23:28:52","guid":{"rendered":"https:\/\/rnoticias.com.mx\/Portal\/?p=224713"},"modified":"2025-07-18T16:28:52","modified_gmt":"2025-07-18T23:28:52","slug":"invita-gobierno-de-hermosillo-a-aprovechar-los-espacios-publicos-de-convivencia-familiar","status":"publish","type":"post","link":"https:\/\/rnoticias.com.mx\/Portal\/2025\/07\/18\/invita-gobierno-de-hermosillo-a-aprovechar-los-espacios-publicos-de-convivencia-familiar\/","title":{"rendered":"Invita Gobierno de Hermosillo a aprovechar los espacios p\u00fablicos de convivencia familiar"},"content":{"rendered":"<p>Hermosillo, Sonora; 18 de julio, 2025.- El periodo vacacional de verano representa para hermosillenses y visitantes la oportunidad de disfrutar dos espacios de convivencia del centro de Hermosillo en cuyo rescate invirti\u00f3 el Gobierno Municipal para ratificarlos como los lugares de convivencia dignos y agradables.<\/p>\n<p>Ante el clima de calor extremo de la temporada, el Parque Madero ofrece una zona verde y abierta complementada con m\u00faltiples amenidades pensadas para el deleite de usuarias y usuarios de todas las edades.<\/p>\n<p>El tiempo de espera en su rehabilitaci\u00f3n y forestaci\u00f3n, y la inversi\u00f3n de alrededor de 115 millones de pesos en instalaciones ya existentes y nuevas, lo convierten en punto de encuentro de miles de familias todos los d\u00edas y a todas horas.<\/p>\n<p>En el actual periodo de asueto escolar, el Gobierno Municipal que encabeza Antonio Astiazar\u00e1n Guti\u00e9rrez reitera la invitaci\u00f3n a residentes y visitantes a disfrutar estas instalaciones, las cuales incluyen una fuente de piso en la que menores y adultos pueden darse un remoj\u00f3n en agua limpia y segura.<\/p>\n<p>La misma oportunidad ofrece el Jard\u00edn Ju\u00e1rez, en el centro comercial de la ciudad, el cual, el pasado 30 de abril de 2025, se reabri\u00f3 al p\u00fablico en general despu\u00e9s de una rehabilitaci\u00f3n en la que se invirtieron, en 2 etapas, 35 millones de pesos, con lo que se transform\u00f3 en un lugar digno, iluminado y seguro digno de visitar.<\/p>\n<p>Hermosillenses y visitantes tienen en el Parque Madero y el Jard\u00edn Ju\u00e1rez dos opciones de disfrute gratuitas que vale la pena visitar en estas vacaciones de verano y siempre.<\/p>\n","protected":false},"excerpt":{"rendered":"<p>Hermosillo, Sonora; 18 de julio, 2025.- El periodo vacacional de verano representa para hermosillenses y visitantes la oportunidad de disfrutar dos espacios de convivencia del centro de Hermosillo en cuyo rescate invirti\u00f3 el Gobierno Municipal para ratificarlos como los lugares de convivencia dignos y agradables. Ante el clima de calor extremo de la temporada, el [&hellip;]<\/p>\n","protected":false},"author":2,"featured_media":224714,"comment_status":"closed","ping_status":"closed","sticky":false,"template":"","format":"standard","meta":{"footnotes":""},"categories":[12870,178],"tags":[12865,12869],"class_list":["post-224713","post","type-post","status-publish","format-standard","has-post-thumbnail","hentry","category-destacadas","category-local","tag-destacadas","tag-local"],"jetpack_featured_media_url":"https:\/\/rnoticias.com.mx\/Portal\/wp-content\/uploads\/2025\/07\/84046629-a009-4be7-a64a-771a8693f6f9.jpg","amp_enabled":true,"_links":{"self":[{"href":"https:\/\/rnoticias.com.mx\/Portal\/wp-json\/wp\/v2\/posts\/224713","targetHints":{"allow":["GET"]}}],"collection":[{"href":"https:\/\/rnoticias.com.mx\/Portal\/wp-json\/wp\/v2\/posts"}],"about":[{"href":"https:\/\/rnoticias.com.mx\/Portal\/wp-json\/wp\/v2\/types\/post"}],"author":[{"embeddable":true,"href":"https:\/\/rnoticias.com.mx\/Portal\/wp-json\/wp\/v2\/users\/2"}],"replies":[{"embeddable":true,"href":"https:\/\/rnoticias.com.mx\/Portal\/wp-json\/wp\/v2\/comments?post=224713"}],"version-history":[{"count":1,"href":"https:\/\/rnoticias.com.mx\/Portal\/wp-json\/wp\/v2\/posts\/224713\/revisions"}],"predecessor-version":[{"id":224715,"href":"https:\/\/rnoticias.com.mx\/Portal\/wp-json\/wp\/v2\/posts\/224713\/revisions\/224715"}],"wp:featuredmedia":[{"embeddable":true,"href":"https:\/\/rnoticias.com.mx\/Portal\/wp-json\/wp\/v2\/media\/224714"}],"wp:attachment":[{"href":"https:\/\/rnoticias.com.mx\/Portal\/wp-json\/wp\/v2\/media?parent=224713"}],"wp:term":[{"taxonomy":"category","embeddable":true,"href":"https:\/\/rnoticias.com.mx\/Portal\/wp-json\/wp\/v2\/categories?post=224713"},{"taxonomy":"post_tag","embeddable":true,"href":"https:\/\/rnoticias.com.mx\/Portal\/wp-json\/wp\/v2\/tags?post=224713"}],"curies":[{"name":"wp","href":"https:\/\/api.w.org\/{rel}","templated":true}]}}