{"id":224707,"date":"2025-07-18T09:23:32","date_gmt":"2025-07-18T16:23:32","guid":{"rendered":"https:\/\/rnoticias.com.mx\/Portal\/?p=224707"},"modified":"2025-07-18T09:23:32","modified_gmt":"2025-07-18T16:23:32","slug":"trump-padece-insuficiencia-venosa-cronica-anuncia-la-casa-blanca","status":"publish","type":"post","link":"https:\/\/rnoticias.com.mx\/Portal\/2025\/07\/18\/trump-padece-insuficiencia-venosa-cronica-anuncia-la-casa-blanca\/","title":{"rendered":"Trump padece insuficiencia venosa cr\u00f3nica, anuncia la Casa Blanca"},"content":{"rendered":"<p>El presidente de Estados Unidos,\u00a0<strong>Donald Trump<\/strong>, fue diagnosticado con\u00a0<strong>insuficiencia venosa cr\u00f3nica<\/strong>\u00a0tras presentar hinchaz\u00f3n en las piernas, inform\u00f3 un m\u00e9dico de la Casa Blanca en una carta difundida por la secretaria de prensa, Karoline Leavitt.<\/p>\n<p>&#8220;S\u00e9 que muchos reporteros han especulado sobre moretones en las manos del presidente, y entrometi\u00e9ndose en su vida. As\u00ed que para ser transparentes, el presidente me pidi\u00f3 que les comunique sobre una\u00a0<strong>carta de su m\u00e9dico<\/strong>&#8220;, anunci\u00f3 la vocera.<\/p>\n<p>A\u00f1adi\u00f3 que el mandatario estadounidense detect\u00f3 en las \u00faltimas semanas una leve\u00a0<strong>hinchaz\u00f3n<\/strong>\u00a0en las rodillas, por lo que \u201cfue sometido a varias pruebas, incluidos an\u00e1lisis vasculares&#8221;. Las\u00a0<strong>pruebas cl\u00ednicas<\/strong>, menciona, detectaron insuficiencia venosa cr\u00f3nica, una condici\u00f3n benigna y bastante com\u00fan entre hombres de m\u00e1s de 70 a\u00f1os.<\/p>\n<p>No obstante, los an\u00e1lisis de laboratorio, que incluyeron\u00a0<strong>pruebas de sangre<\/strong>\u00a0y una evaluaci\u00f3n del metabolismo de Trump, tuvieron resultados positivos, por lo que descart\u00f3 cualquier evidencia de\u00a0<strong>trombosis<\/strong>\u00a0o alguna otra enfermedad arterial.<\/p>\n<p>Leavitt record\u00f3 que el presidente fue sometido a un\u00a0<strong>electrocardiograma<\/strong>, que dio cuenta de una condici\u00f3n saludable del coraz\u00f3n. Los moretones que not\u00f3 Trump son un efecto secundario com\u00fan del tratamiento con aspirina.<\/p>\n<p>&nbsp;<\/p>\n<p>&nbsp;<\/p>\n<p>Fuente: Milenio<\/p>\n","protected":false},"excerpt":{"rendered":"<p>El presidente de Estados Unidos,\u00a0Donald Trump, fue diagnosticado con\u00a0insuficiencia venosa cr\u00f3nica\u00a0tras presentar hinchaz\u00f3n en las piernas, inform\u00f3 un m\u00e9dico de la Casa Blanca en una carta difundida por la secretaria de prensa, Karoline Leavitt. &#8220;S\u00e9 que muchos reporteros han especulado sobre moretones en las manos del presidente, y entrometi\u00e9ndose en su vida. As\u00ed que para [&hellip;]<\/p>\n","protected":false},"author":2,"featured_media":224708,"comment_status":"closed","ping_status":"closed","sticky":false,"template":"","format":"standard","meta":{"footnotes":""},"categories":[12870,182],"tags":[12865,12871],"class_list":["post-224707","post","type-post","status-publish","format-standard","has-post-thumbnail","hentry","category-destacadas","category-internacional","tag-destacadas","tag-internacional"],"jetpack_featured_media_url":"https:\/\/rnoticias.com.mx\/Portal\/wp-content\/uploads\/2025\/07\/donald-trump-2.jpg.webp","amp_enabled":true,"_links":{"self":[{"href":"https:\/\/rnoticias.com.mx\/Portal\/wp-json\/wp\/v2\/posts\/224707","targetHints":{"allow":["GET"]}}],"collection":[{"href":"https:\/\/rnoticias.com.mx\/Portal\/wp-json\/wp\/v2\/posts"}],"about":[{"href":"https:\/\/rnoticias.com.mx\/Portal\/wp-json\/wp\/v2\/types\/post"}],"author":[{"embeddable":true,"href":"https:\/\/rnoticias.com.mx\/Portal\/wp-json\/wp\/v2\/users\/2"}],"replies":[{"embeddable":true,"href":"https:\/\/rnoticias.com.mx\/Portal\/wp-json\/wp\/v2\/comments?post=224707"}],"version-history":[{"count":1,"href":"https:\/\/rnoticias.com.mx\/Portal\/wp-json\/wp\/v2\/posts\/224707\/revisions"}],"predecessor-version":[{"id":224709,"href":"https:\/\/rnoticias.com.mx\/Portal\/wp-json\/wp\/v2\/posts\/224707\/revisions\/224709"}],"wp:featuredmedia":[{"embeddable":true,"href":"https:\/\/rnoticias.com.mx\/Portal\/wp-json\/wp\/v2\/media\/224708"}],"wp:attachment":[{"href":"https:\/\/rnoticias.com.mx\/Portal\/wp-json\/wp\/v2\/media?parent=224707"}],"wp:term":[{"taxonomy":"category","embeddable":true,"href":"https:\/\/rnoticias.com.mx\/Portal\/wp-json\/wp\/v2\/categories?post=224707"},{"taxonomy":"post_tag","embeddable":true,"href":"https:\/\/rnoticias.com.mx\/Portal\/wp-json\/wp\/v2\/tags?post=224707"}],"curies":[{"name":"wp","href":"https:\/\/api.w.org\/{rel}","templated":true}]}}