{"id":224704,"date":"2025-07-18T09:13:10","date_gmt":"2025-07-18T16:13:10","guid":{"rendered":"https:\/\/rnoticias.com.mx\/Portal\/?p=224704"},"modified":"2025-07-18T09:13:10","modified_gmt":"2025-07-18T16:13:10","slug":"participa-policia-estatal-en-campamentos-de-verano-del-gobierno-de-sonora-en-hermosillo","status":"publish","type":"post","link":"https:\/\/rnoticias.com.mx\/Portal\/2025\/07\/18\/participa-policia-estatal-en-campamentos-de-verano-del-gobierno-de-sonora-en-hermosillo\/","title":{"rendered":"Participa Polic\u00eda Estatal en campamentos de verano del Gobierno de Sonora en Hermosillo"},"content":{"rendered":"<p>Hermosillo, Sonora; 17 de julio de 2025.- Con el objetivo de apoyar la sana convivencia entre ni\u00f1as y ni\u00f1os, la Secretar\u00eda de Seguridad P\u00fablica (SSP) del Gobierno de Sonora particip\u00f3 en el Campamento de Verano Codeson 2025.<\/p>\n<p>La Divisi\u00f3n de Proximidad Ciudadana y SALVA de la Polic\u00eda Estatal de Seguridad P\u00fablica (PESP) convivi\u00f3 con las y los participantes del campamento mediante los programas Promotores de la Paz y Educando SALVA.<\/p>\n<p>Para fomentar la cultura de la paz, promover los valores e informar sobre temas preventivos, los grupos especializados de la PESP visitaron las sedes del gimnasio Ana Gabriela Guevara y el Centro de Usos M\u00faltiples (CUM), donde se llevaron a cabo actividades como exhibici\u00f3n de unidades, prevenci\u00f3n del acoso, como el bullying y difusi\u00f3n del uso responsable de la l\u00ednea de emergencias 9-1-1.<\/p>\n<p>La Polic\u00eda Estatal continuar\u00e1 trabajando en la prevenci\u00f3n durante este periodo vacacional, con visitas a espacios donde la ni\u00f1ez est\u00e1 presente, adem\u00e1s de patrullajes preventivos y atenci\u00f3n a reportes ciudadanos.<\/p>\n","protected":false},"excerpt":{"rendered":"<p>Hermosillo, Sonora; 17 de julio de 2025.- Con el objetivo de apoyar la sana convivencia entre ni\u00f1as y ni\u00f1os, la Secretar\u00eda de Seguridad P\u00fablica (SSP) del Gobierno de Sonora particip\u00f3 en el Campamento de Verano Codeson 2025. La Divisi\u00f3n de Proximidad Ciudadana y SALVA de la Polic\u00eda Estatal de Seguridad P\u00fablica (PESP) convivi\u00f3 con las [&hellip;]<\/p>\n","protected":false},"author":2,"featured_media":224705,"comment_status":"closed","ping_status":"closed","sticky":false,"template":"","format":"standard","meta":{"footnotes":""},"categories":[12870,178],"tags":[12865,12869],"class_list":["post-224704","post","type-post","status-publish","format-standard","has-post-thumbnail","hentry","category-destacadas","category-local","tag-destacadas","tag-local"],"jetpack_featured_media_url":"https:\/\/rnoticias.com.mx\/Portal\/wp-content\/uploads\/2025\/07\/unnamed-1-27.jpg","amp_enabled":true,"_links":{"self":[{"href":"https:\/\/rnoticias.com.mx\/Portal\/wp-json\/wp\/v2\/posts\/224704","targetHints":{"allow":["GET"]}}],"collection":[{"href":"https:\/\/rnoticias.com.mx\/Portal\/wp-json\/wp\/v2\/posts"}],"about":[{"href":"https:\/\/rnoticias.com.mx\/Portal\/wp-json\/wp\/v2\/types\/post"}],"author":[{"embeddable":true,"href":"https:\/\/rnoticias.com.mx\/Portal\/wp-json\/wp\/v2\/users\/2"}],"replies":[{"embeddable":true,"href":"https:\/\/rnoticias.com.mx\/Portal\/wp-json\/wp\/v2\/comments?post=224704"}],"version-history":[{"count":1,"href":"https:\/\/rnoticias.com.mx\/Portal\/wp-json\/wp\/v2\/posts\/224704\/revisions"}],"predecessor-version":[{"id":224706,"href":"https:\/\/rnoticias.com.mx\/Portal\/wp-json\/wp\/v2\/posts\/224704\/revisions\/224706"}],"wp:featuredmedia":[{"embeddable":true,"href":"https:\/\/rnoticias.com.mx\/Portal\/wp-json\/wp\/v2\/media\/224705"}],"wp:attachment":[{"href":"https:\/\/rnoticias.com.mx\/Portal\/wp-json\/wp\/v2\/media?parent=224704"}],"wp:term":[{"taxonomy":"category","embeddable":true,"href":"https:\/\/rnoticias.com.mx\/Portal\/wp-json\/wp\/v2\/categories?post=224704"},{"taxonomy":"post_tag","embeddable":true,"href":"https:\/\/rnoticias.com.mx\/Portal\/wp-json\/wp\/v2\/tags?post=224704"}],"curies":[{"name":"wp","href":"https:\/\/api.w.org\/{rel}","templated":true}]}}