{"id":224701,"date":"2025-07-18T09:12:21","date_gmt":"2025-07-18T16:12:21","guid":{"rendered":"https:\/\/rnoticias.com.mx\/Portal\/?p=224701"},"modified":"2025-07-18T09:12:21","modified_gmt":"2025-07-18T16:12:21","slug":"presidenta-rechaza-alza-en-tarifas-de-uber","status":"publish","type":"post","link":"https:\/\/rnoticias.com.mx\/Portal\/2025\/07\/18\/presidenta-rechaza-alza-en-tarifas-de-uber\/","title":{"rendered":"Presidenta rechaza alza en tarifas de Uber"},"content":{"rendered":"<p>M\u00c9XICO.- La presidenta Claudia Sheinbaum Pardo rechaz\u00f3 un\u00a0<strong>alza de las tarifas de Uber\u00a0<\/strong>que afectar\u00e1n a los consumidores, luego de que la Secretar\u00eda del Trabajo y Previsi\u00f3n Social conden\u00f3 en\u00e9rgicamente el incremento &#8220;unilateral e irresponsable&#8221; anunciado por la empresa.<\/p>\n<p>En su conferencia ma\u00f1anera de este viernes 18 de julio en Palacio Nacional, Sheinbaum Pardo asegur\u00f3 que DiDi ya est\u00e1 apoyando con el registro de colaboradores para que tengan seguridad social, y destac\u00f3 que a la fecha van 400 mil personas que colaboran en plataformas, inscritas en el Seguro Social.<\/p>\n<p>&nbsp;<\/p>\n<blockquote><p>&#8220;Uber tiene ganancias impresionantes, no tiene por qu\u00e9 pasarle al consumidor final (&#8230;) Que realmente se asuma que son personas que requieren seguridad social y que ellos, como patrones, como empleadores, digamos porque no es directamente la misma asociaci\u00f3n que cuando trabajas en una f\u00e1brica, pues tienen que contribuir&#8221;, dijo.<\/p><\/blockquote>\n<p>&nbsp;<\/p>\n<blockquote><p>&#8220;La verdad es que es incre\u00edble, porque todas las empresas est\u00e1n colaborando, hasta DiDi, que alg\u00fan d\u00eda dije que no, tambi\u00e9n ya est\u00e1 colaborando. Entonces no tiene por qu\u00e9 pasar al consumidor final, y m\u00e1s bien hay que pensar positivo en que las empresas est\u00e1n de acuerdo&#8221;, expres\u00f3 la Mandataria federal al recordar que M\u00e9xico es el primer pa\u00eds en el que este &#8220;nuevo tipo de empleo&#8221; de repartidores vinculados con plataformas digitales tienen seguridad social.<\/p><\/blockquote>\n<p>Se\u00f1al\u00f3 que hay mesas permanentes con representantes de plataformas y trabajadores.<\/p>\n<p>La Secretar\u00eda del Trabajo conden\u00f3 en\u00e9rgicamente el incremento &#8220;unilateral e irresponsable&#8221; en las tarifas anunciado por la empresa Uber, de hasta 7%, al advertir que carece de sustento alguno argumentar costos asociados a la reforma laboral en plataformas digitales.<\/p>\n<p>&nbsp;<\/p>\n<p>El Universal<\/p>\n","protected":false},"excerpt":{"rendered":"<p>M\u00c9XICO.- La presidenta Claudia Sheinbaum Pardo rechaz\u00f3 un\u00a0alza de las tarifas de Uber\u00a0que afectar\u00e1n a los consumidores, luego de que la Secretar\u00eda del Trabajo y Previsi\u00f3n Social conden\u00f3 en\u00e9rgicamente el incremento &#8220;unilateral e irresponsable&#8221; anunciado por la empresa. En su conferencia ma\u00f1anera de este viernes 18 de julio en Palacio Nacional, Sheinbaum Pardo asegur\u00f3 que [&hellip;]<\/p>\n","protected":false},"author":2,"featured_media":224702,"comment_status":"closed","ping_status":"closed","sticky":false,"template":"","format":"standard","meta":{"footnotes":""},"categories":[12870,172],"tags":[12865,12874],"class_list":["post-224701","post","type-post","status-publish","format-standard","has-post-thumbnail","hentry","category-destacadas","category-nacional","tag-destacadas","tag-nacional"],"jetpack_featured_media_url":"https:\/\/rnoticias.com.mx\/Portal\/wp-content\/uploads\/2025\/07\/claudia-sehinbaum-postura-uber-aumento-tarifas.jpg","amp_enabled":true,"_links":{"self":[{"href":"https:\/\/rnoticias.com.mx\/Portal\/wp-json\/wp\/v2\/posts\/224701","targetHints":{"allow":["GET"]}}],"collection":[{"href":"https:\/\/rnoticias.com.mx\/Portal\/wp-json\/wp\/v2\/posts"}],"about":[{"href":"https:\/\/rnoticias.com.mx\/Portal\/wp-json\/wp\/v2\/types\/post"}],"author":[{"embeddable":true,"href":"https:\/\/rnoticias.com.mx\/Portal\/wp-json\/wp\/v2\/users\/2"}],"replies":[{"embeddable":true,"href":"https:\/\/rnoticias.com.mx\/Portal\/wp-json\/wp\/v2\/comments?post=224701"}],"version-history":[{"count":1,"href":"https:\/\/rnoticias.com.mx\/Portal\/wp-json\/wp\/v2\/posts\/224701\/revisions"}],"predecessor-version":[{"id":224703,"href":"https:\/\/rnoticias.com.mx\/Portal\/wp-json\/wp\/v2\/posts\/224701\/revisions\/224703"}],"wp:featuredmedia":[{"embeddable":true,"href":"https:\/\/rnoticias.com.mx\/Portal\/wp-json\/wp\/v2\/media\/224702"}],"wp:attachment":[{"href":"https:\/\/rnoticias.com.mx\/Portal\/wp-json\/wp\/v2\/media?parent=224701"}],"wp:term":[{"taxonomy":"category","embeddable":true,"href":"https:\/\/rnoticias.com.mx\/Portal\/wp-json\/wp\/v2\/categories?post=224701"},{"taxonomy":"post_tag","embeddable":true,"href":"https:\/\/rnoticias.com.mx\/Portal\/wp-json\/wp\/v2\/tags?post=224701"}],"curies":[{"name":"wp","href":"https:\/\/api.w.org\/{rel}","templated":true}]}}