{"id":224698,"date":"2025-07-18T09:06:10","date_gmt":"2025-07-18T16:06:10","guid":{"rendered":"https:\/\/rnoticias.com.mx\/Portal\/?p=224698"},"modified":"2025-07-18T09:06:10","modified_gmt":"2025-07-18T16:06:10","slug":"jose-david-n-es-vinculado-a-proceso-por-el-delito-de-feminicidio","status":"publish","type":"post","link":"https:\/\/rnoticias.com.mx\/Portal\/2025\/07\/18\/jose-david-n-es-vinculado-a-proceso-por-el-delito-de-feminicidio\/","title":{"rendered":"Jos\u00e9 David \u201cN\u201d es vinculado a proceso por el delito de feminicidio"},"content":{"rendered":"<p>Hermosillo, Sonora, 17 de julio de 2025.- La Fiscal\u00eda General de Justicia del Estado de Sonora (FGJES), a trav\u00e9s de la Unidad de Investigaciones Especiales de la Vicefiscal\u00eda de Feminicidios obtuvo la vinculaci\u00f3n a proceso de Jos\u00e9 David \u201cN\u201d, de 47 a\u00f1os, por su probable responsabilidad en el delito de feminicidio, cometido en perjuicio de su se\u00f1ora madre, Flora Margarita \u201cN\u201d de 64 a\u00f1os de edad.<\/p>\n<p>Durante la audiencia se formul\u00f3 imputaci\u00f3n y el Juez dict\u00f3 auto de vinculaci\u00f3n a proceso, imponiendo la medida cautelar de prisi\u00f3n preventiva justificada, adem\u00e1s, estableci\u00f3 un plazo de cuatro meses para el cierre de la investigaci\u00f3n complementaria.<\/p>\n<p>De acuerdo con la investigaci\u00f3n ministerial, realizada con perspectiva de g\u00e9nero, el hecho se registr\u00f3 el pasado 15 de julio, en un domicilio ubicado en la calle Villa del Bosque, entre Villa Linda y Villa Hermosa, en la colonia Las Villas en Hermosillo, Sonora.<\/p>\n<p>Datos de prueba establecen que el imputado, quien ten\u00eda problemas de adicci\u00f3n, ingres\u00f3 al inmueble y agredi\u00f3 con objetos contuso-cortantes y punzocortantes, provoc\u00e1ndole m\u00faltiples lesiones que le causaron la muerte.<\/p>\n<p>El mismo d\u00eda, y como resultado de la acci\u00f3n coordinada entre la Agencia Ministerial de Investigaci\u00f3n Criminal (AMIC), con la Polic\u00eda Estatal de Seguridad P\u00fablica (PESP) y Polic\u00eda Municipal de Hermosillo, Jos\u00e9 David \u201cN\u201d fue localizado y detenido en las cercan\u00edas de la misma colonia cuando intentaba esconderse de la acci\u00f3n de la justicia.<\/p>\n<p>La Fiscal\u00eda General de Justicia del Estado de Sonora reitera su compromiso con la aplicaci\u00f3n rigurosa de la ley en todos los casos de violencia contra las mujeres.<\/p>\n","protected":false},"excerpt":{"rendered":"<p>Hermosillo, Sonora, 17 de julio de 2025.- La Fiscal\u00eda General de Justicia del Estado de Sonora (FGJES), a trav\u00e9s de la Unidad de Investigaciones Especiales de la Vicefiscal\u00eda de Feminicidios obtuvo la vinculaci\u00f3n a proceso de Jos\u00e9 David \u201cN\u201d, de 47 a\u00f1os, por su probable responsabilidad en el delito de feminicidio, cometido en perjuicio de [&hellip;]<\/p>\n","protected":false},"author":2,"featured_media":224699,"comment_status":"closed","ping_status":"closed","sticky":false,"template":"","format":"standard","meta":{"footnotes":""},"categories":[12870,178],"tags":[12865,12869],"class_list":["post-224698","post","type-post","status-publish","format-standard","has-post-thumbnail","hentry","category-destacadas","category-local","tag-destacadas","tag-local"],"jetpack_featured_media_url":"https:\/\/rnoticias.com.mx\/Portal\/wp-content\/uploads\/2025\/07\/b1055812-f206-4cee-9d5a-ac98510ee9d0.jpg","amp_enabled":true,"_links":{"self":[{"href":"https:\/\/rnoticias.com.mx\/Portal\/wp-json\/wp\/v2\/posts\/224698","targetHints":{"allow":["GET"]}}],"collection":[{"href":"https:\/\/rnoticias.com.mx\/Portal\/wp-json\/wp\/v2\/posts"}],"about":[{"href":"https:\/\/rnoticias.com.mx\/Portal\/wp-json\/wp\/v2\/types\/post"}],"author":[{"embeddable":true,"href":"https:\/\/rnoticias.com.mx\/Portal\/wp-json\/wp\/v2\/users\/2"}],"replies":[{"embeddable":true,"href":"https:\/\/rnoticias.com.mx\/Portal\/wp-json\/wp\/v2\/comments?post=224698"}],"version-history":[{"count":1,"href":"https:\/\/rnoticias.com.mx\/Portal\/wp-json\/wp\/v2\/posts\/224698\/revisions"}],"predecessor-version":[{"id":224700,"href":"https:\/\/rnoticias.com.mx\/Portal\/wp-json\/wp\/v2\/posts\/224698\/revisions\/224700"}],"wp:featuredmedia":[{"embeddable":true,"href":"https:\/\/rnoticias.com.mx\/Portal\/wp-json\/wp\/v2\/media\/224699"}],"wp:attachment":[{"href":"https:\/\/rnoticias.com.mx\/Portal\/wp-json\/wp\/v2\/media?parent=224698"}],"wp:term":[{"taxonomy":"category","embeddable":true,"href":"https:\/\/rnoticias.com.mx\/Portal\/wp-json\/wp\/v2\/categories?post=224698"},{"taxonomy":"post_tag","embeddable":true,"href":"https:\/\/rnoticias.com.mx\/Portal\/wp-json\/wp\/v2\/tags?post=224698"}],"curies":[{"name":"wp","href":"https:\/\/api.w.org\/{rel}","templated":true}]}}