{"id":224695,"date":"2025-07-18T09:05:17","date_gmt":"2025-07-18T16:05:17","guid":{"rendered":"https:\/\/rnoticias.com.mx\/Portal\/?p=224695"},"modified":"2025-07-18T09:05:17","modified_gmt":"2025-07-18T16:05:17","slug":"cbs-cancela-the-late-show-con-stephen-colbert-por-motivos-financieros","status":"publish","type":"post","link":"https:\/\/rnoticias.com.mx\/Portal\/2025\/07\/18\/cbs-cancela-the-late-show-con-stephen-colbert-por-motivos-financieros\/","title":{"rendered":"CBS cancela &#8216;The Late Show con Stephen Colbert&#8217; por motivos financieros"},"content":{"rendered":"<p>El programa\u00a0<strong>&#8216;The Late Show con Stephen Colbert&#8217;<\/strong>\u00a0dejar\u00e1 de emitirse en mayo de 2026, una decisi\u00f3n calificada por la compa\u00f1\u00eda como\u00a0<strong>&#8220;puramente financiera&#8221;<\/strong>, seg\u00fan un comunicado.<\/p>\n<p><strong>&#8220;&#8216;The Late Show con Stephen Colbert&#8217; terminar\u00e1 su hist\u00f3rica carrera en mayo de 2026, tras el final de la temporada en emisi\u00f3n. Consideramos a Stephen Colbert insustituible y retiraremos esta franquicia en ese momento&#8221;<\/strong>, apunta CBS.<\/p>\n<p>Y agrega que se trata\u00a0<strong>&#8220;puramente&#8221;\u00a0<\/strong>de una decisi\u00f3n financiera<strong>\u00a0&#8220;en un contexto dif\u00edcil&#8221; en el formato &#8216;late night&#8217;: &#8220;No est\u00e1 relacionada en modo alguno con el rendimiento del programa, su contenido u otros asuntos que sucedan en Paramount (la matriz de CBS)&#8221;.<\/strong><\/p>\n<p>Durante la grabaci\u00f3n de un episodio hoy, Colbert comunic\u00f3 la noticia al p\u00fablico, afirmando que se enter\u00f3 la noche del mi\u00e9rcoles de que el a\u00f1o que viene ser\u00e1 la \u00faltima temporada del\u00a0<strong>&#8216;show&#8217;.<\/strong><\/p>\n<p><strong>&#8220;No solo es el final de nuestro programa, es el final de &#8216;The Late Show&#8217; en CBS. No me van a sustituir. Todo esto va a desaparecer&#8221;,<\/strong>\u00a0aclar\u00f3, y asegur\u00f3 que los miembros de la cadena\u00a0<strong>&#8220;han sido grandes socios&#8221;.<\/strong><\/p>\n<p>El formato &#8216;late night&#8217;, que hace referencia a los programas de televisi\u00f3n que se emiten por la noche y que suelen incluir sketches c\u00f3micos y entrevistas, lleg\u00f3 a CBS en 1993, de la mano del presentador David Letterman.<\/p>\n<p>Seg\u00fan los medios de entretenimiento estadounidenses, hay rumores de que tanto Colbert como\u00a0<strong>Jon Stewart, presentador del programa &#8216;Daily Show&#8217; de Comedy Central, est\u00e9n en el punto de mira de los altos ejecutivos de Skydance Media<\/strong>, que pronto adquirir\u00e1 Paramount Global.<\/p>\n<p>Y es que el director ejecutivo de Skydance, David Ellison, cuenta con el apoyo del presidente estadounidense, Donald Trump, a quien ambos presentadores han criticado en sus programas, recuerda Variety.<\/p>\n<p>Adem\u00e1s, hace solo dos semanas, Paramount Global acept\u00f3 pagar 16 millones de d\u00f3lares a Trump para poner fin al litigio abierto por la entrevista que\u00a0<strong>CBS realiz\u00f3 en octubre de 2024 a la entonces candidata dem\u00f3crata a la presidencia, Kamala Harris, y que, seg\u00fan el mandatario, fue manipulada.\u00a0\u00a0<\/strong><\/p>\n<p>Fuente:EFE<\/p>\n","protected":false},"excerpt":{"rendered":"<p>El programa\u00a0&#8216;The Late Show con Stephen Colbert&#8217;\u00a0dejar\u00e1 de emitirse en mayo de 2026, una decisi\u00f3n calificada por la compa\u00f1\u00eda como\u00a0&#8220;puramente financiera&#8221;, seg\u00fan un comunicado. &#8220;&#8216;The Late Show con Stephen Colbert&#8217; terminar\u00e1 su hist\u00f3rica carrera en mayo de 2026, tras el final de la temporada en emisi\u00f3n. Consideramos a Stephen Colbert insustituible y retiraremos esta franquicia [&hellip;]<\/p>\n","protected":false},"author":2,"featured_media":224696,"comment_status":"closed","ping_status":"closed","sticky":false,"template":"","format":"standard","meta":{"footnotes":""},"categories":[12870,219],"tags":[12865,12875],"class_list":["post-224695","post","type-post","status-publish","format-standard","has-post-thumbnail","hentry","category-destacadas","category-espectaculos","tag-destacadas","tag-espectaculos"],"jetpack_featured_media_url":"https:\/\/rnoticias.com.mx\/Portal\/wp-content\/uploads\/2025\/07\/4df72adc8dcc0f4f83bc13f02a81bf73.jpg","amp_enabled":true,"_links":{"self":[{"href":"https:\/\/rnoticias.com.mx\/Portal\/wp-json\/wp\/v2\/posts\/224695","targetHints":{"allow":["GET"]}}],"collection":[{"href":"https:\/\/rnoticias.com.mx\/Portal\/wp-json\/wp\/v2\/posts"}],"about":[{"href":"https:\/\/rnoticias.com.mx\/Portal\/wp-json\/wp\/v2\/types\/post"}],"author":[{"embeddable":true,"href":"https:\/\/rnoticias.com.mx\/Portal\/wp-json\/wp\/v2\/users\/2"}],"replies":[{"embeddable":true,"href":"https:\/\/rnoticias.com.mx\/Portal\/wp-json\/wp\/v2\/comments?post=224695"}],"version-history":[{"count":1,"href":"https:\/\/rnoticias.com.mx\/Portal\/wp-json\/wp\/v2\/posts\/224695\/revisions"}],"predecessor-version":[{"id":224697,"href":"https:\/\/rnoticias.com.mx\/Portal\/wp-json\/wp\/v2\/posts\/224695\/revisions\/224697"}],"wp:featuredmedia":[{"embeddable":true,"href":"https:\/\/rnoticias.com.mx\/Portal\/wp-json\/wp\/v2\/media\/224696"}],"wp:attachment":[{"href":"https:\/\/rnoticias.com.mx\/Portal\/wp-json\/wp\/v2\/media?parent=224695"}],"wp:term":[{"taxonomy":"category","embeddable":true,"href":"https:\/\/rnoticias.com.mx\/Portal\/wp-json\/wp\/v2\/categories?post=224695"},{"taxonomy":"post_tag","embeddable":true,"href":"https:\/\/rnoticias.com.mx\/Portal\/wp-json\/wp\/v2\/tags?post=224695"}],"curies":[{"name":"wp","href":"https:\/\/api.w.org\/{rel}","templated":true}]}}