{"id":224692,"date":"2025-07-18T08:38:22","date_gmt":"2025-07-18T15:38:22","guid":{"rendered":"https:\/\/rnoticias.com.mx\/Portal\/?p=224692"},"modified":"2025-07-18T08:38:22","modified_gmt":"2025-07-18T15:38:22","slug":"invita-gobierno-de-sonora-a-participar-en-el-concurso-conectate-con-tu-cerebro","status":"publish","type":"post","link":"https:\/\/rnoticias.com.mx\/Portal\/2025\/07\/18\/invita-gobierno-de-sonora-a-participar-en-el-concurso-conectate-con-tu-cerebro\/","title":{"rendered":"Invita Gobierno de Sonora a participar en el concurso \u201cCon\u00e9ctate con tu cerebro\u201d"},"content":{"rendered":"<p>Hermosillo, Sonora; 17 de julio de 2025.- En el marco del D\u00eda Mundial del Cerebro, el Gobierno de Sonora, a trav\u00e9s de la Secretar\u00eda de Salud (SSP), lanz\u00f3 la convocatoria del concurso \u201cCon\u00e9ctate con tu cerebro\u201d, dirigido a ni\u00f1as, ni\u00f1os y adolescentes de entre 11 y 15 a\u00f1os, con el objetivo de fomentar la creatividad y el cuidado de la salud mental.<\/p>\n<p>El concurso consiste en elaborar, de forma individual, una maqueta del cerebro utilizando materiales reciclados como papel, cart\u00f3n, textiles, pl\u00e1stico, c\u00e1scaras, componentes electr\u00f3nicos, entre otros. Las maquetas deber\u00e1n incluir, por escrito, acciones que favorezcan la salud mental.<\/p>\n<p>Las y los interesados deber\u00e1n enviar fotograf\u00edas y un video del trabajo final al correo electr\u00f3nico\u00a0<a href=\"mailto:promociondgsma@gmail.com\" target=\"_blank\" rel=\"noopener\">promociondgsma@gmail.com<\/a>, incluyendo los siguientes datos: nombre completo del participante, edad, CURP, lugar de residencia y n\u00famero de contacto del padre, madre o tutor. El periodo de recepci\u00f3n ser\u00e1 del 1 al 18 de julio de 2025.<\/p>\n<p>Un comit\u00e9 evaluador seleccionar\u00e1 los 10 mejores trabajos, tomando en cuenta creatividad, originalidad, calidad de ejecuci\u00f3n y uso de materiales. Las fotograf\u00edas de los trabajos ganadores ser\u00e1n publicadas el 22 de julio en las p\u00e1ginas oficiales de Facebook de la Secretar\u00eda de Salud Sonora y de la Direcci\u00f3n de Salud Mental y Adicciones Sonora (DSMA).<\/p>\n<p>Las y los ganadores recibir\u00e1n un paquete de premios que incluye una mochila con \u00fatiles escolares, un termo, un rompecabezas y un bal\u00f3n. Los premios podr\u00e1n recogerse del 21 al 31 de julio en las oficinas de la DSMA en Hermosillo, o ser\u00e1n enviados a quienes residan en otros municipios.<\/p>\n<p>Con este tipo de actividades, la Secretar\u00eda de Salud promueve el bienestar emocional y el desarrollo integral de la ni\u00f1ez y adolescencia en el estado.<\/p>\n","protected":false},"excerpt":{"rendered":"<p>Hermosillo, Sonora; 17 de julio de 2025.- En el marco del D\u00eda Mundial del Cerebro, el Gobierno de Sonora, a trav\u00e9s de la Secretar\u00eda de Salud (SSP), lanz\u00f3 la convocatoria del concurso \u201cCon\u00e9ctate con tu cerebro\u201d, dirigido a ni\u00f1as, ni\u00f1os y adolescentes de entre 11 y 15 a\u00f1os, con el objetivo de fomentar la creatividad [&hellip;]<\/p>\n","protected":false},"author":2,"featured_media":224693,"comment_status":"closed","ping_status":"closed","sticky":false,"template":"","format":"standard","meta":{"footnotes":""},"categories":[12870,178],"tags":[12865,12869],"class_list":["post-224692","post","type-post","status-publish","format-standard","has-post-thumbnail","hentry","category-destacadas","category-local","tag-destacadas","tag-local"],"jetpack_featured_media_url":"https:\/\/rnoticias.com.mx\/Portal\/wp-content\/uploads\/2025\/07\/unnamed-66.jpg","amp_enabled":true,"_links":{"self":[{"href":"https:\/\/rnoticias.com.mx\/Portal\/wp-json\/wp\/v2\/posts\/224692","targetHints":{"allow":["GET"]}}],"collection":[{"href":"https:\/\/rnoticias.com.mx\/Portal\/wp-json\/wp\/v2\/posts"}],"about":[{"href":"https:\/\/rnoticias.com.mx\/Portal\/wp-json\/wp\/v2\/types\/post"}],"author":[{"embeddable":true,"href":"https:\/\/rnoticias.com.mx\/Portal\/wp-json\/wp\/v2\/users\/2"}],"replies":[{"embeddable":true,"href":"https:\/\/rnoticias.com.mx\/Portal\/wp-json\/wp\/v2\/comments?post=224692"}],"version-history":[{"count":1,"href":"https:\/\/rnoticias.com.mx\/Portal\/wp-json\/wp\/v2\/posts\/224692\/revisions"}],"predecessor-version":[{"id":224694,"href":"https:\/\/rnoticias.com.mx\/Portal\/wp-json\/wp\/v2\/posts\/224692\/revisions\/224694"}],"wp:featuredmedia":[{"embeddable":true,"href":"https:\/\/rnoticias.com.mx\/Portal\/wp-json\/wp\/v2\/media\/224693"}],"wp:attachment":[{"href":"https:\/\/rnoticias.com.mx\/Portal\/wp-json\/wp\/v2\/media?parent=224692"}],"wp:term":[{"taxonomy":"category","embeddable":true,"href":"https:\/\/rnoticias.com.mx\/Portal\/wp-json\/wp\/v2\/categories?post=224692"},{"taxonomy":"post_tag","embeddable":true,"href":"https:\/\/rnoticias.com.mx\/Portal\/wp-json\/wp\/v2\/tags?post=224692"}],"curies":[{"name":"wp","href":"https:\/\/api.w.org\/{rel}","templated":true}]}}