{"id":224683,"date":"2025-07-17T18:11:52","date_gmt":"2025-07-18T01:11:52","guid":{"rendered":"https:\/\/rnoticias.com.mx\/Portal\/?p=224683"},"modified":"2025-07-17T18:11:52","modified_gmt":"2025-07-18T01:11:52","slug":"mantendra-disponibles-gobierno-de-sonora-servicios-del-registro-civil-durante-vacaciones-de-verano","status":"publish","type":"post","link":"https:\/\/rnoticias.com.mx\/Portal\/2025\/07\/17\/mantendra-disponibles-gobierno-de-sonora-servicios-del-registro-civil-durante-vacaciones-de-verano\/","title":{"rendered":"Mantendr\u00e1 disponibles Gobierno de Sonora servicios del Registro Civil durante vacaciones de verano"},"content":{"rendered":"<p>Hermosillo, Sonora; 17 de julio de 2025.- Durante el periodo vacacional del Gobierno del Estado de Sonora, que comprende del 21 de julio al 1 de agosto, la Direcci\u00f3n General del Registro Civil mantendr\u00e1 sus servicios activos mediante guardias para atender a la ciudadan\u00eda.<\/p>\n<p>La dependencia inform\u00f3 que, en un horario de 8:00 a 15:00 horas, se brindar\u00e1n los servicios habituales, tales como expedici\u00f3n de actas, correcciones, certificados de inexistencia, CURP y b\u00fasqueda especial de actas, entre otros tr\u00e1mites.<\/p>\n<p>Mari\u00e1n Mart\u00ednez Rodr\u00edguez, titular del Registro Civil, precis\u00f3 que en Hermosillo permanecer\u00e1n de guardia las oficial\u00edas Segunda y Tercera para la atenci\u00f3n de registros de defunci\u00f3n. En el resto del estado, los oficiales estar\u00e1n pendientes para atender este tipo de casos en sus respectivos municipios.<\/p>\n<p>La funcionaria indic\u00f3 que, a partir del 1 de agosto, se reanudar\u00e1n las labores normales en todas las oficial\u00edas, retomando la atenci\u00f3n integral de servicios como registro de menores y matrimonios.<\/p>\n","protected":false},"excerpt":{"rendered":"<p>Hermosillo, Sonora; 17 de julio de 2025.- Durante el periodo vacacional del Gobierno del Estado de Sonora, que comprende del 21 de julio al 1 de agosto, la Direcci\u00f3n General del Registro Civil mantendr\u00e1 sus servicios activos mediante guardias para atender a la ciudadan\u00eda. La dependencia inform\u00f3 que, en un horario de 8:00 a 15:00 [&hellip;]<\/p>\n","protected":false},"author":2,"featured_media":224684,"comment_status":"closed","ping_status":"closed","sticky":false,"template":"","format":"standard","meta":{"footnotes":""},"categories":[12870,178],"tags":[12865,12869],"class_list":["post-224683","post","type-post","status-publish","format-standard","has-post-thumbnail","hentry","category-destacadas","category-local","tag-destacadas","tag-local"],"jetpack_featured_media_url":"https:\/\/rnoticias.com.mx\/Portal\/wp-content\/uploads\/2025\/07\/unnamed-65.jpg","amp_enabled":true,"_links":{"self":[{"href":"https:\/\/rnoticias.com.mx\/Portal\/wp-json\/wp\/v2\/posts\/224683","targetHints":{"allow":["GET"]}}],"collection":[{"href":"https:\/\/rnoticias.com.mx\/Portal\/wp-json\/wp\/v2\/posts"}],"about":[{"href":"https:\/\/rnoticias.com.mx\/Portal\/wp-json\/wp\/v2\/types\/post"}],"author":[{"embeddable":true,"href":"https:\/\/rnoticias.com.mx\/Portal\/wp-json\/wp\/v2\/users\/2"}],"replies":[{"embeddable":true,"href":"https:\/\/rnoticias.com.mx\/Portal\/wp-json\/wp\/v2\/comments?post=224683"}],"version-history":[{"count":1,"href":"https:\/\/rnoticias.com.mx\/Portal\/wp-json\/wp\/v2\/posts\/224683\/revisions"}],"predecessor-version":[{"id":224685,"href":"https:\/\/rnoticias.com.mx\/Portal\/wp-json\/wp\/v2\/posts\/224683\/revisions\/224685"}],"wp:featuredmedia":[{"embeddable":true,"href":"https:\/\/rnoticias.com.mx\/Portal\/wp-json\/wp\/v2\/media\/224684"}],"wp:attachment":[{"href":"https:\/\/rnoticias.com.mx\/Portal\/wp-json\/wp\/v2\/media?parent=224683"}],"wp:term":[{"taxonomy":"category","embeddable":true,"href":"https:\/\/rnoticias.com.mx\/Portal\/wp-json\/wp\/v2\/categories?post=224683"},{"taxonomy":"post_tag","embeddable":true,"href":"https:\/\/rnoticias.com.mx\/Portal\/wp-json\/wp\/v2\/tags?post=224683"}],"curies":[{"name":"wp","href":"https:\/\/api.w.org\/{rel}","templated":true}]}}