{"id":224680,"date":"2025-07-17T18:09:16","date_gmt":"2025-07-18T01:09:16","guid":{"rendered":"https:\/\/rnoticias.com.mx\/Portal\/?p=224680"},"modified":"2025-07-17T18:09:16","modified_gmt":"2025-07-18T01:09:16","slug":"sequia-afecta-produccion-de-miel-en-sonora-apicultores","status":"publish","type":"post","link":"https:\/\/rnoticias.com.mx\/Portal\/2025\/07\/17\/sequia-afecta-produccion-de-miel-en-sonora-apicultores\/","title":{"rendered":"Sequ\u00eda afecta producci\u00f3n de miel en Sonora: Apicultores"},"content":{"rendered":"<div data-olk-copy-source=\"MessageBody\">La sequ\u00eda ha provocado una ca\u00edda de hasta un 80% en la producci\u00f3n y reproducci\u00f3n de abejas en Sonora, debido a la falta de floraci\u00f3n silvestre, inform\u00f3 Alfonso Yescas.<\/div>\n<div aria-hidden=\"true\"><\/div>\n<div>El apicultor con m\u00e1s de dos d\u00e9cadas de experiencia en el sector, detall\u00f3 que en zonas como Sonora esa situaci\u00f3n es m\u00e1s marcada por las condiciones climatol\u00f3gicas que prevalecen.<\/div>\n<div><\/div>\n<div>\u201cSi no llueve, no hay floraci\u00f3n, si no hay floraci\u00f3n, pues no hay miel y no hay colmenas fuertes. Principalmente lo que los apicultores hacemos para tratar de evitar esto es, bueno, en mi caso, en mi experiencia,\u00a0es buscar lugares donde yo s\u00e9 que hay campo cerca, que hay, \u00bfsabes qu\u00e9?\u00a0Mira, hay pino salado que siempre florece porque tiene agua cerca, \u00bfno?\u201d, cont\u00f3.<\/div>\n<div aria-hidden=\"true\"><\/div>\n<div>A\u00f1adi\u00f3 que las abejas dependen de la floraci\u00f3n para alimentarse y producir, por lo que las condiciones actuales han obligado a muchos apicultores a implementar estrategias como la alimentaci\u00f3n artificial con agua, az\u00facar y vitaminas, o la trasumancia, que consiste en mover las colmenas a zonas donde a\u00fan hay plantas en floraci\u00f3n gracias a fuentes de agua cercanas.<\/div>\n","protected":false},"excerpt":{"rendered":"<p>La sequ\u00eda ha provocado una ca\u00edda de hasta un 80% en la producci\u00f3n y reproducci\u00f3n de abejas en Sonora, debido a la falta de floraci\u00f3n silvestre, inform\u00f3 Alfonso Yescas. El apicultor con m\u00e1s de dos d\u00e9cadas de experiencia en el sector, detall\u00f3 que en zonas como Sonora esa situaci\u00f3n es m\u00e1s marcada por las condiciones [&hellip;]<\/p>\n","protected":false},"author":2,"featured_media":224681,"comment_status":"closed","ping_status":"closed","sticky":false,"template":"","format":"standard","meta":{"footnotes":""},"categories":[12870,178],"tags":[12865,12869],"class_list":["post-224680","post","type-post","status-publish","format-standard","has-post-thumbnail","hentry","category-destacadas","category-local","tag-destacadas","tag-local"],"jetpack_featured_media_url":"https:\/\/rnoticias.com.mx\/Portal\/wp-content\/uploads\/2025\/07\/beekeeper-gad6cf5834_1280-1024x683-1.jpg","amp_enabled":true,"_links":{"self":[{"href":"https:\/\/rnoticias.com.mx\/Portal\/wp-json\/wp\/v2\/posts\/224680","targetHints":{"allow":["GET"]}}],"collection":[{"href":"https:\/\/rnoticias.com.mx\/Portal\/wp-json\/wp\/v2\/posts"}],"about":[{"href":"https:\/\/rnoticias.com.mx\/Portal\/wp-json\/wp\/v2\/types\/post"}],"author":[{"embeddable":true,"href":"https:\/\/rnoticias.com.mx\/Portal\/wp-json\/wp\/v2\/users\/2"}],"replies":[{"embeddable":true,"href":"https:\/\/rnoticias.com.mx\/Portal\/wp-json\/wp\/v2\/comments?post=224680"}],"version-history":[{"count":1,"href":"https:\/\/rnoticias.com.mx\/Portal\/wp-json\/wp\/v2\/posts\/224680\/revisions"}],"predecessor-version":[{"id":224682,"href":"https:\/\/rnoticias.com.mx\/Portal\/wp-json\/wp\/v2\/posts\/224680\/revisions\/224682"}],"wp:featuredmedia":[{"embeddable":true,"href":"https:\/\/rnoticias.com.mx\/Portal\/wp-json\/wp\/v2\/media\/224681"}],"wp:attachment":[{"href":"https:\/\/rnoticias.com.mx\/Portal\/wp-json\/wp\/v2\/media?parent=224680"}],"wp:term":[{"taxonomy":"category","embeddable":true,"href":"https:\/\/rnoticias.com.mx\/Portal\/wp-json\/wp\/v2\/categories?post=224680"},{"taxonomy":"post_tag","embeddable":true,"href":"https:\/\/rnoticias.com.mx\/Portal\/wp-json\/wp\/v2\/tags?post=224680"}],"curies":[{"name":"wp","href":"https:\/\/api.w.org\/{rel}","templated":true}]}}