{"id":224677,"date":"2025-07-17T18:01:41","date_gmt":"2025-07-18T01:01:41","guid":{"rendered":"https:\/\/rnoticias.com.mx\/Portal\/?p=224677"},"modified":"2025-07-17T18:01:41","modified_gmt":"2025-07-18T01:01:41","slug":"invitan-a-sumarse-como-padrinos-magicos-para-apoyar-a-ninas-y-ninos","status":"publish","type":"post","link":"https:\/\/rnoticias.com.mx\/Portal\/2025\/07\/17\/invitan-a-sumarse-como-padrinos-magicos-para-apoyar-a-ninas-y-ninos\/","title":{"rendered":"Invitan a sumarse como \u201cPadrinos M\u00e1gicos\u201d para apoyar a ni\u00f1as y ni\u00f1os"},"content":{"rendered":"<div data-olk-copy-source=\"MessageBody\">El voluntariado Por Ellos y Para Ellos lanz\u00f3 una nueva convocatoria del programa \u201cPadrinos M\u00e1gicos\u201d, con el objetivo de reunir mochilas y \u00fatiles escolares para 18 ni\u00f1as y ni\u00f1os antes del inicio del pr\u00f3ximo ciclo escolar.<\/div>\n<div aria-hidden=\"true\"><\/div>\n<div>Erika Candelaria L\u00f3pez Acedo, coordinadora de las compa\u00f1eras voluntarias, explic\u00f3 que esta iniciativa busca padrinos que apoyen de manera puntual, sin obligaci\u00f3n de dar seguimiento durante todo el a\u00f1o.<\/div>\n<div aria-hidden=\"true\"><\/div>\n<div><\/div>\n<div>\u201cEste programa consiste en buscar padrinos para los ni\u00f1os, no comprometemos a la persona a que siempre lo est\u00e9 apadrinando. Ahorita buscamos a padrinos m\u00e1gicos para que apadrinen los \u00fatiles escolares, los gastos fuertes\u201d, dijo<\/div>\n<div aria-hidden=\"true\"><\/div>\n<div>Detall\u00f3, que ese programa de \u201cPadrinos M\u00e1gicos\u201d se activa en distintas fechas como Navidad o aniversarios del comedor, y algunos benefactores incluso organizan convivencias para los menores.<\/div>\n<div aria-hidden=\"true\"><\/div>\n<div>Finalmente, Erika L\u00f3pez extern\u00f3, que quienes deseen sumarse a esta causa pueden comunicarse por llamada o mensaje de WhatsApp al 6625 92 21 97 e indic\u00f3 que los apoyos se recibir\u00e1n durante la primera semana de agosto, con la entrega programada para mediados del mes, justo antes del regreso a clases.<\/div>\n","protected":false},"excerpt":{"rendered":"<p>El voluntariado Por Ellos y Para Ellos lanz\u00f3 una nueva convocatoria del programa \u201cPadrinos M\u00e1gicos\u201d, con el objetivo de reunir mochilas y \u00fatiles escolares para 18 ni\u00f1as y ni\u00f1os antes del inicio del pr\u00f3ximo ciclo escolar. Erika Candelaria L\u00f3pez Acedo, coordinadora de las compa\u00f1eras voluntarias, explic\u00f3 que esta iniciativa busca padrinos que apoyen de manera [&hellip;]<\/p>\n","protected":false},"author":2,"featured_media":224678,"comment_status":"closed","ping_status":"closed","sticky":false,"template":"","format":"standard","meta":{"footnotes":""},"categories":[12870,178],"tags":[12865,12869],"class_list":["post-224677","post","type-post","status-publish","format-standard","has-post-thumbnail","hentry","category-destacadas","category-local","tag-destacadas","tag-local"],"jetpack_featured_media_url":"https:\/\/rnoticias.com.mx\/Portal\/wp-content\/uploads\/2025\/07\/517122303_732956329694446_983708808864332213_n.jpg","amp_enabled":true,"_links":{"self":[{"href":"https:\/\/rnoticias.com.mx\/Portal\/wp-json\/wp\/v2\/posts\/224677","targetHints":{"allow":["GET"]}}],"collection":[{"href":"https:\/\/rnoticias.com.mx\/Portal\/wp-json\/wp\/v2\/posts"}],"about":[{"href":"https:\/\/rnoticias.com.mx\/Portal\/wp-json\/wp\/v2\/types\/post"}],"author":[{"embeddable":true,"href":"https:\/\/rnoticias.com.mx\/Portal\/wp-json\/wp\/v2\/users\/2"}],"replies":[{"embeddable":true,"href":"https:\/\/rnoticias.com.mx\/Portal\/wp-json\/wp\/v2\/comments?post=224677"}],"version-history":[{"count":1,"href":"https:\/\/rnoticias.com.mx\/Portal\/wp-json\/wp\/v2\/posts\/224677\/revisions"}],"predecessor-version":[{"id":224679,"href":"https:\/\/rnoticias.com.mx\/Portal\/wp-json\/wp\/v2\/posts\/224677\/revisions\/224679"}],"wp:featuredmedia":[{"embeddable":true,"href":"https:\/\/rnoticias.com.mx\/Portal\/wp-json\/wp\/v2\/media\/224678"}],"wp:attachment":[{"href":"https:\/\/rnoticias.com.mx\/Portal\/wp-json\/wp\/v2\/media?parent=224677"}],"wp:term":[{"taxonomy":"category","embeddable":true,"href":"https:\/\/rnoticias.com.mx\/Portal\/wp-json\/wp\/v2\/categories?post=224677"},{"taxonomy":"post_tag","embeddable":true,"href":"https:\/\/rnoticias.com.mx\/Portal\/wp-json\/wp\/v2\/tags?post=224677"}],"curies":[{"name":"wp","href":"https:\/\/api.w.org\/{rel}","templated":true}]}}