{"id":224647,"date":"2025-07-17T15:17:42","date_gmt":"2025-07-17T22:17:42","guid":{"rendered":"https:\/\/rnoticias.com.mx\/Portal\/?p=224647"},"modified":"2025-07-17T15:17:42","modified_gmt":"2025-07-17T22:17:42","slug":"empresarios-sonorenses-rechazan-posible-arancel-de-ee-uu-a-productos-mexicanos","status":"publish","type":"post","link":"https:\/\/rnoticias.com.mx\/Portal\/2025\/07\/17\/empresarios-sonorenses-rechazan-posible-arancel-de-ee-uu-a-productos-mexicanos\/","title":{"rendered":"Empresarios sonorenses rechazan posible arancel de EE. UU. a productos mexicanos"},"content":{"rendered":"<p>Hermosillo, Sonora, a 17 de julio de 2025. Empresarios sonorenses, representados por la Fecanaco Sonora y la Canacope Hermosillo, se manifestaron en contra de la intenci\u00f3n del gobierno de Estados Unidos de aplicar un arancel del 30% a productos mexicanos.<\/p>\n<p>&nbsp;<\/p>\n<p>Mart\u00edn Zalazar Zazueta, presidente de ambos organismos empresariales, advirti\u00f3 que este tipo de medidas no solo son costosas, sino que no resuelven los problemas de fondo.<\/p>\n<p>&nbsp;<\/p>\n<p>\u201cEste tipo de posturas en lugar de solucionar los retos que enfrentan ambos pa\u00edses, los aranceles afectar\u00edan las cadenas de valor compartidas, poniendo en riesgo empleos tanto en M\u00e9xico como en Estados Unidos. En todo caso, nos sumamos al llamado a fortalecer el mercado interno como una estrategia nacional a largo plazo\u201d, declar\u00f3.<\/p>\n<p>&nbsp;<\/p>\n<p>Asegur\u00f3 que los aranceles da\u00f1ar\u00edan la relaci\u00f3n comercial entre ambos pa\u00edses, afectando cadenas productivas en las que participan empresas tanto de Sonora como del sur de Estados Unidos.<\/p>\n<p>&nbsp;<\/p>\n<p>\u201cLo que se necesita es cooperaci\u00f3n, no barreras. Aqu\u00ed en Sonora hay muchas empresas que dependen de esa integraci\u00f3n\u201d, dijo.<\/p>\n<p>&nbsp;<\/p>\n<p>Zalazar Zazueta destac\u00f3 que m\u00e1s all\u00e1 de reacciones pol\u00edticas, es momento de impulsar el consumo local, apoyar a negocios de la regi\u00f3n y trabajar desde abajo para fortalecer la econom\u00eda.<\/p>\n<p>&nbsp;<\/p>\n<p>Respald\u00f3 acciones como fomentar el turismo interno, apoyar a las pymes sonorenses en su digitalizaci\u00f3n, generar m\u00e1s oportunidades en ciudades como Cajeme, Navojoa o Nogales, y reforzar las cadenas de proveedur\u00eda local con productos hechos en Sonora y en M\u00e9xico.<\/p>\n<p>&nbsp;<\/p>\n<p>\u201cCuando consumimos lo que se produce aqu\u00ed, no solo movemos la econom\u00eda: estamos defendiendo nuestro futuro. Comprar local es una forma de hacer comunidad y mantener empleos en nuestra tierra\u201d, concluy\u00f3.<\/p>\n<p>&nbsp;<\/p>\n","protected":false},"excerpt":{"rendered":"<p>Hermosillo, Sonora, a 17 de julio de 2025. Empresarios sonorenses, representados por la Fecanaco Sonora y la Canacope Hermosillo, se manifestaron en contra de la intenci\u00f3n del gobierno de Estados Unidos de aplicar un arancel del 30% a productos mexicanos. &nbsp; Mart\u00edn Zalazar Zazueta, presidente de ambos organismos empresariales, advirti\u00f3 que este tipo de medidas [&hellip;]<\/p>\n","protected":false},"author":2,"featured_media":224648,"comment_status":"closed","ping_status":"closed","sticky":false,"template":"","format":"standard","meta":{"footnotes":""},"categories":[12870,178],"tags":[12865,12869],"class_list":["post-224647","post","type-post","status-publish","format-standard","has-post-thumbnail","hentry","category-destacadas","category-local","tag-destacadas","tag-local"],"jetpack_featured_media_url":"https:\/\/rnoticias.com.mx\/Portal\/wp-content\/uploads\/2025\/07\/Aranceles-de-Trump-a-Mexico-\u00bfQue-productos-subiran-de-precio-y-que-estados-de-EU-se-veran-mas-afectados.jpg","amp_enabled":true,"_links":{"self":[{"href":"https:\/\/rnoticias.com.mx\/Portal\/wp-json\/wp\/v2\/posts\/224647","targetHints":{"allow":["GET"]}}],"collection":[{"href":"https:\/\/rnoticias.com.mx\/Portal\/wp-json\/wp\/v2\/posts"}],"about":[{"href":"https:\/\/rnoticias.com.mx\/Portal\/wp-json\/wp\/v2\/types\/post"}],"author":[{"embeddable":true,"href":"https:\/\/rnoticias.com.mx\/Portal\/wp-json\/wp\/v2\/users\/2"}],"replies":[{"embeddable":true,"href":"https:\/\/rnoticias.com.mx\/Portal\/wp-json\/wp\/v2\/comments?post=224647"}],"version-history":[{"count":1,"href":"https:\/\/rnoticias.com.mx\/Portal\/wp-json\/wp\/v2\/posts\/224647\/revisions"}],"predecessor-version":[{"id":224649,"href":"https:\/\/rnoticias.com.mx\/Portal\/wp-json\/wp\/v2\/posts\/224647\/revisions\/224649"}],"wp:featuredmedia":[{"embeddable":true,"href":"https:\/\/rnoticias.com.mx\/Portal\/wp-json\/wp\/v2\/media\/224648"}],"wp:attachment":[{"href":"https:\/\/rnoticias.com.mx\/Portal\/wp-json\/wp\/v2\/media?parent=224647"}],"wp:term":[{"taxonomy":"category","embeddable":true,"href":"https:\/\/rnoticias.com.mx\/Portal\/wp-json\/wp\/v2\/categories?post=224647"},{"taxonomy":"post_tag","embeddable":true,"href":"https:\/\/rnoticias.com.mx\/Portal\/wp-json\/wp\/v2\/tags?post=224647"}],"curies":[{"name":"wp","href":"https:\/\/api.w.org\/{rel}","templated":true}]}}