{"id":224643,"date":"2025-07-17T10:26:57","date_gmt":"2025-07-17T17:26:57","guid":{"rendered":"https:\/\/rnoticias.com.mx\/Portal\/?p=224643"},"modified":"2025-07-17T10:26:57","modified_gmt":"2025-07-17T17:26:57","slug":"grupo-bimbo-invertira-2-mil-mdd-en-mexico","status":"publish","type":"post","link":"https:\/\/rnoticias.com.mx\/Portal\/2025\/07\/17\/grupo-bimbo-invertira-2-mil-mdd-en-mexico\/","title":{"rendered":"Grupo Bimbo invertir\u00e1 2 mil mdd en M\u00e9xico"},"content":{"rendered":"<p><strong>Grupo Bimbo<\/strong>\u00a0anunci\u00f3 este jueves que realizar\u00e1 una inversi\u00f3n\u00a0<strong>2 mil millones de d\u00f3lares<\/strong>\u00a0en M\u00e9xico durante los pr\u00f3ximos a\u00f1os hasta 2028 para incrementar su capacidad productiva y tecnol\u00f3gica.<\/p>\n<p>El director de la compa\u00f1\u00eda, Jos\u00e9 Manuel Gonz\u00e1lez Guzm\u00e1n, dio a conocer esta decisi\u00f3n en la conferencia matutina de la presidenta\u00a0<strong>Claudia Sheinbaum<\/strong>. &#8220;Con la inversi\u00f3n que hoy anunciamos reafirmamos nuestro respaldo al\u00a0<strong>Plan M\u00e9xico<\/strong>, impulsado por el gobierno federal para detonar el crecimiento y fortalecer la econom\u00eda nacional&#8221;, afirm\u00f3.<\/p>\n<p>A\u00f1adi\u00f3 que con esta inversi\u00f3n se generar\u00e1n\u00a0<strong>2 mil empleos directos<\/strong>\u00a0y m\u00e1s de 10 mil 800 indirectos.<\/p>\n<p>Por su parte, la jefa de Unidad de Desarrollo de la\u00a0<strong>Secretar\u00eda de Econom\u00eda<\/strong>, Ximena Escobedo, indic\u00f3 que la inversi\u00f3n se concentrar\u00e1 en Baja California, Yucat\u00e1n, Ciudad de M\u00e9xico, Nuevo Le\u00f3n, Quer\u00e9taro, Puebla, y el Estado de M\u00e9xico, es decir, siete estados del pa\u00eds.<\/p>\n<p>El objetivo de la inversi\u00f3n no solo es aumentar y modernizar las m\u00e1s de 30 plantas de producci\u00f3n que tiene el pa\u00eds, sino ampliar toda la flota vehicular baja de emisiones que tiene grupo Bimbo en M\u00e9xico.<\/p>\n<p>&nbsp;<\/p>\n<p>Fuente: Latinus<\/p>\n","protected":false},"excerpt":{"rendered":"<p>Grupo Bimbo\u00a0anunci\u00f3 este jueves que realizar\u00e1 una inversi\u00f3n\u00a02 mil millones de d\u00f3lares\u00a0en M\u00e9xico durante los pr\u00f3ximos a\u00f1os hasta 2028 para incrementar su capacidad productiva y tecnol\u00f3gica. El director de la compa\u00f1\u00eda, Jos\u00e9 Manuel Gonz\u00e1lez Guzm\u00e1n, dio a conocer esta decisi\u00f3n en la conferencia matutina de la presidenta\u00a0Claudia Sheinbaum. &#8220;Con la inversi\u00f3n que hoy anunciamos reafirmamos [&hellip;]<\/p>\n","protected":false},"author":2,"featured_media":224644,"comment_status":"closed","ping_status":"closed","sticky":false,"template":"","format":"standard","meta":{"footnotes":""},"categories":[12870,172],"tags":[12865,12874],"class_list":["post-224643","post","type-post","status-publish","format-standard","has-post-thumbnail","hentry","category-destacadas","category-nacional","tag-destacadas","tag-nacional"],"jetpack_featured_media_url":"https:\/\/rnoticias.com.mx\/Portal\/wp-content\/uploads\/2025\/07\/multimedia.miniatura.a0e1ae931033ecf9.bWluaWF0dXJhLndlYnA.webp","amp_enabled":true,"_links":{"self":[{"href":"https:\/\/rnoticias.com.mx\/Portal\/wp-json\/wp\/v2\/posts\/224643","targetHints":{"allow":["GET"]}}],"collection":[{"href":"https:\/\/rnoticias.com.mx\/Portal\/wp-json\/wp\/v2\/posts"}],"about":[{"href":"https:\/\/rnoticias.com.mx\/Portal\/wp-json\/wp\/v2\/types\/post"}],"author":[{"embeddable":true,"href":"https:\/\/rnoticias.com.mx\/Portal\/wp-json\/wp\/v2\/users\/2"}],"replies":[{"embeddable":true,"href":"https:\/\/rnoticias.com.mx\/Portal\/wp-json\/wp\/v2\/comments?post=224643"}],"version-history":[{"count":1,"href":"https:\/\/rnoticias.com.mx\/Portal\/wp-json\/wp\/v2\/posts\/224643\/revisions"}],"predecessor-version":[{"id":224645,"href":"https:\/\/rnoticias.com.mx\/Portal\/wp-json\/wp\/v2\/posts\/224643\/revisions\/224645"}],"wp:featuredmedia":[{"embeddable":true,"href":"https:\/\/rnoticias.com.mx\/Portal\/wp-json\/wp\/v2\/media\/224644"}],"wp:attachment":[{"href":"https:\/\/rnoticias.com.mx\/Portal\/wp-json\/wp\/v2\/media?parent=224643"}],"wp:term":[{"taxonomy":"category","embeddable":true,"href":"https:\/\/rnoticias.com.mx\/Portal\/wp-json\/wp\/v2\/categories?post=224643"},{"taxonomy":"post_tag","embeddable":true,"href":"https:\/\/rnoticias.com.mx\/Portal\/wp-json\/wp\/v2\/tags?post=224643"}],"curies":[{"name":"wp","href":"https:\/\/api.w.org\/{rel}","templated":true}]}}