{"id":224640,"date":"2025-07-17T10:22:54","date_gmt":"2025-07-17T17:22:54","guid":{"rendered":"https:\/\/rnoticias.com.mx\/Portal\/?p=224640"},"modified":"2025-07-17T10:22:54","modified_gmt":"2025-07-17T17:22:54","slug":"fallece-roberto-servitje-fundador-de-grupo-bimbo","status":"publish","type":"post","link":"https:\/\/rnoticias.com.mx\/Portal\/2025\/07\/17\/fallece-roberto-servitje-fundador-de-grupo-bimbo\/","title":{"rendered":"Fallece Roberto Servitje, fundador de Grupo Bimbo"},"content":{"rendered":"<p>El cofundador de\u00a0<strong>Grupo Bimbo<\/strong>, Roberto Servitje,\u00a0<strong>falleci\u00f3<\/strong>\u00a0este jueves con m\u00e1s de 90 a\u00f1os de edad, confirmaron fuentes cercanas a la familia.<\/p>\n<p>El empresario colabor\u00f3 en el crecimiento y expansi\u00f3n de la panificadora m\u00e1s grande de M\u00e9xico, con presencia en m\u00e1s de 30 pa\u00edses, y fue reconocido como uno de los l\u00edderes empresariales m\u00e1s influyentes del pa\u00eds.<\/p>\n<p>De acuerdo con la p\u00e1gina del grupo,\u00a0<strong>Servitje<\/strong>\u00a0naci\u00f3 en 1928 en la Ciudad de M\u00e9xico. Actualmente, su sobrino, Daniel Servitje Montull, es el actual presidente de la empresa.<\/p>\n<p>Apenas esta ma\u00f1ana, Grupo Bimbo anunci\u00f3 una inversi\u00f3n de\u00a0<strong>2 mil millones de d\u00f3lares<\/strong>\u00a0en siete estados del pa\u00eds a partir de este a\u00f1o hasta 2028, con lo cual se crear\u00e1n 2 mil empleos directos y 800 indirectos, como parte del\u00a0<strong>Plan M\u00e9xico<\/strong>\u00a0impulsado por la presidenta Claudia Sheinbaum.<\/p>\n<p>&nbsp;<\/p>\n<p>Fuente: El Universal<\/p>\n","protected":false},"excerpt":{"rendered":"<p>El cofundador de\u00a0Grupo Bimbo, Roberto Servitje,\u00a0falleci\u00f3\u00a0este jueves con m\u00e1s de 90 a\u00f1os de edad, confirmaron fuentes cercanas a la familia. El empresario colabor\u00f3 en el crecimiento y expansi\u00f3n de la panificadora m\u00e1s grande de M\u00e9xico, con presencia en m\u00e1s de 30 pa\u00edses, y fue reconocido como uno de los l\u00edderes empresariales m\u00e1s influyentes del pa\u00eds. [&hellip;]<\/p>\n","protected":false},"author":2,"featured_media":224641,"comment_status":"closed","ping_status":"closed","sticky":false,"template":"","format":"standard","meta":{"footnotes":""},"categories":[12870,172],"tags":[12865,12874],"class_list":["post-224640","post","type-post","status-publish","format-standard","has-post-thumbnail","hentry","category-destacadas","category-nacional","tag-destacadas","tag-nacional"],"jetpack_featured_media_url":"https:\/\/rnoticias.com.mx\/Portal\/wp-content\/uploads\/2025\/07\/Fallece-Roberto-Servitje-cofundador-de-Grupo-Bimbo-.jpeg","amp_enabled":true,"_links":{"self":[{"href":"https:\/\/rnoticias.com.mx\/Portal\/wp-json\/wp\/v2\/posts\/224640","targetHints":{"allow":["GET"]}}],"collection":[{"href":"https:\/\/rnoticias.com.mx\/Portal\/wp-json\/wp\/v2\/posts"}],"about":[{"href":"https:\/\/rnoticias.com.mx\/Portal\/wp-json\/wp\/v2\/types\/post"}],"author":[{"embeddable":true,"href":"https:\/\/rnoticias.com.mx\/Portal\/wp-json\/wp\/v2\/users\/2"}],"replies":[{"embeddable":true,"href":"https:\/\/rnoticias.com.mx\/Portal\/wp-json\/wp\/v2\/comments?post=224640"}],"version-history":[{"count":1,"href":"https:\/\/rnoticias.com.mx\/Portal\/wp-json\/wp\/v2\/posts\/224640\/revisions"}],"predecessor-version":[{"id":224642,"href":"https:\/\/rnoticias.com.mx\/Portal\/wp-json\/wp\/v2\/posts\/224640\/revisions\/224642"}],"wp:featuredmedia":[{"embeddable":true,"href":"https:\/\/rnoticias.com.mx\/Portal\/wp-json\/wp\/v2\/media\/224641"}],"wp:attachment":[{"href":"https:\/\/rnoticias.com.mx\/Portal\/wp-json\/wp\/v2\/media?parent=224640"}],"wp:term":[{"taxonomy":"category","embeddable":true,"href":"https:\/\/rnoticias.com.mx\/Portal\/wp-json\/wp\/v2\/categories?post=224640"},{"taxonomy":"post_tag","embeddable":true,"href":"https:\/\/rnoticias.com.mx\/Portal\/wp-json\/wp\/v2\/tags?post=224640"}],"curies":[{"name":"wp","href":"https:\/\/api.w.org\/{rel}","templated":true}]}}