{"id":224634,"date":"2025-07-17T09:44:12","date_gmt":"2025-07-17T16:44:12","guid":{"rendered":"https:\/\/rnoticias.com.mx\/Portal\/?p=224634"},"modified":"2025-07-17T09:44:12","modified_gmt":"2025-07-17T16:44:12","slug":"ofrecera-isssteson-servicio-medico-con-regularidad-en-periodo-vacacional-de-verano","status":"publish","type":"post","link":"https:\/\/rnoticias.com.mx\/Portal\/2025\/07\/17\/ofrecera-isssteson-servicio-medico-con-regularidad-en-periodo-vacacional-de-verano\/","title":{"rendered":"Ofrecer\u00e1 Isssteson servicio m\u00e9dico con regularidad en periodo vacacional de verano"},"content":{"rendered":"<p><b>Hermosillo, Sonora; 17 de julio de 2025.-\u00a0<\/b>Los seis Centros Integrales de Atenci\u00f3n a la Salud (CIAS), m\u00e1s de 30 m\u00f3dulos m\u00e9dicos y los cuatro hospitales del Instituto de Seguridad y Servicios Sociales de los Trabajadores del Estado de Sonora (Isssteson) mantendr\u00e1n sus servicios de manera regular durante el periodo vacacional de verano, del 21 de julio al 1 de agosto pr\u00f3ximos.<\/p>\n<p>En el caso de los CIAS Centro en Hermosillo, as\u00ed como los ubicados en Huatabampo, Navojoa y Cajeme, la atenci\u00f3n tambi\u00e9n se ofrecer\u00e1 de forma regular los fines de semana, en un horario de 07:00 a 19:00 horas, tanto s\u00e1bado como domingo.<\/p>\n<p>Respecto a los servicios de urgencias en los hospitales de Isssteson en Nogales, Hermosillo, Guaymas y Ciudad Obreg\u00f3n, estos permanecer\u00e1n abiertos las 24 horas, en beneficio de las y los derechohabientes.<\/p>\n<p>Adem\u00e1s, el Centro de Atenci\u00f3n Telef\u00f3nica de Isssteson continuar\u00e1 operando en sus horarios habituales para la programaci\u00f3n de citas m\u00e9dicas, a trav\u00e9s de los n\u00fameros 662 319 0066 y 662 319 0067 en Hermosillo, as\u00ed como 644 104 1570 y 644 413 7455 en Cajeme.<\/p>\n<p>Para mayor comodidad, tambi\u00e9n se puede agendar cita m\u00e9dica mediante la aplicaci\u00f3n MiIssteson, disponible en las ciudades de Nogales, Navojoa, Cajeme, Guaymas y Hermosillo.<\/p>\n","protected":false},"excerpt":{"rendered":"<p>Hermosillo, Sonora; 17 de julio de 2025.-\u00a0Los seis Centros Integrales de Atenci\u00f3n a la Salud (CIAS), m\u00e1s de 30 m\u00f3dulos m\u00e9dicos y los cuatro hospitales del Instituto de Seguridad y Servicios Sociales de los Trabajadores del Estado de Sonora (Isssteson) mantendr\u00e1n sus servicios de manera regular durante el periodo vacacional de verano, del 21 de [&hellip;]<\/p>\n","protected":false},"author":2,"featured_media":224635,"comment_status":"closed","ping_status":"closed","sticky":false,"template":"","format":"standard","meta":{"footnotes":""},"categories":[12870,178],"tags":[12865,12869],"class_list":["post-224634","post","type-post","status-publish","format-standard","has-post-thumbnail","hentry","category-destacadas","category-local","tag-destacadas","tag-local"],"jetpack_featured_media_url":"https:\/\/rnoticias.com.mx\/Portal\/wp-content\/uploads\/2025\/07\/ISSSTESON2025-ServicioPeriodoVacionalVerano-01.jpeg","amp_enabled":true,"_links":{"self":[{"href":"https:\/\/rnoticias.com.mx\/Portal\/wp-json\/wp\/v2\/posts\/224634","targetHints":{"allow":["GET"]}}],"collection":[{"href":"https:\/\/rnoticias.com.mx\/Portal\/wp-json\/wp\/v2\/posts"}],"about":[{"href":"https:\/\/rnoticias.com.mx\/Portal\/wp-json\/wp\/v2\/types\/post"}],"author":[{"embeddable":true,"href":"https:\/\/rnoticias.com.mx\/Portal\/wp-json\/wp\/v2\/users\/2"}],"replies":[{"embeddable":true,"href":"https:\/\/rnoticias.com.mx\/Portal\/wp-json\/wp\/v2\/comments?post=224634"}],"version-history":[{"count":1,"href":"https:\/\/rnoticias.com.mx\/Portal\/wp-json\/wp\/v2\/posts\/224634\/revisions"}],"predecessor-version":[{"id":224636,"href":"https:\/\/rnoticias.com.mx\/Portal\/wp-json\/wp\/v2\/posts\/224634\/revisions\/224636"}],"wp:featuredmedia":[{"embeddable":true,"href":"https:\/\/rnoticias.com.mx\/Portal\/wp-json\/wp\/v2\/media\/224635"}],"wp:attachment":[{"href":"https:\/\/rnoticias.com.mx\/Portal\/wp-json\/wp\/v2\/media?parent=224634"}],"wp:term":[{"taxonomy":"category","embeddable":true,"href":"https:\/\/rnoticias.com.mx\/Portal\/wp-json\/wp\/v2\/categories?post=224634"},{"taxonomy":"post_tag","embeddable":true,"href":"https:\/\/rnoticias.com.mx\/Portal\/wp-json\/wp\/v2\/tags?post=224634"}],"curies":[{"name":"wp","href":"https:\/\/api.w.org\/{rel}","templated":true}]}}