{"id":224628,"date":"2025-07-17T09:38:15","date_gmt":"2025-07-17T16:38:15","guid":{"rendered":"https:\/\/rnoticias.com.mx\/Portal\/?p=224628"},"modified":"2025-07-17T09:38:15","modified_gmt":"2025-07-17T16:38:15","slug":"mauricio-sulaiman-habla-de-chavez-jr-y-da-esta-postura","status":"publish","type":"post","link":"https:\/\/rnoticias.com.mx\/Portal\/2025\/07\/17\/mauricio-sulaiman-habla-de-chavez-jr-y-da-esta-postura\/","title":{"rendered":"Mauricio Sulaim\u00e1n habla de Ch\u00e1vez Jr. y da esta postura"},"content":{"rendered":"<p>El presidente del\u00a0<strong>Consejo Mundial de Boxeo<\/strong>,\u00a0<strong>Mauricio Sulaim\u00e1n, habla de Ch\u00e1vez Jr.<\/strong>\u00a0y todo lo que se ha generado alrededor de su caso luego de que fuera\u00a0<strong><a href=\"https:\/\/www.unotv.com\/deportes\/detienen-a-julio-cesar-chavez-jr-en-estados-unidos-lo-acusan-de-trafico-de-armas\/\" target=\"_blank\" rel=\"noreferrer noopener\">detenido en Estados Unidos<\/a><\/strong>, hace unos d\u00edas.<\/p>\n<p><strong>Ch\u00e1vez Jr.<\/strong>, es hijo del gran\u00a0<strong><a href=\"https:\/\/www.unotv.com\/entretenimiento\/yolanda-andrade-reaparece-enferma-y-manda-mensaje-a-julio-cesar-chavez-tras-polemica-con-su-hijo-video\/\" target=\"_blank\" rel=\"noreferrer noopener\">Julio C\u00e9sar Ch\u00e1vez<\/a><\/strong>, considerado por muchos aficionados como el mejor boxeador que se ha dado en nuestro pa\u00eds.<\/p>\n<h2 id=\"h-cual-es-la-postura-de-mauricio-sulaiman-por-el-caso-chavez-jr\" class=\"wp-block-heading\">\u00bfCu\u00e1l es la postura de Mauricio Sulaim\u00e1n por el caso Ch\u00e1vez Jr.?<\/h2>\n<p>Ante la presencia de medios de comunicaci\u00f3n,\u00a0<strong>Mauricio Sulaim\u00e1n habla de Ch\u00e1vez Jr.<\/strong>\u00a0y se\u00f1ala que es\u00a0<strong>lamentable<\/strong>\u00a0la forma en que se est\u00e1 tomando este\u00a0<strong>hecho<\/strong>, ya que considera que al tratarse de alguien\u00a0<strong>famoso<\/strong>, hay quien se aprovecha para simplemente usar la\u00a0<strong>noticia\u00a0<\/strong>para\u00a0<strong>atacar\u00a0<\/strong>en otras cosas:<\/p>\n<blockquote class=\"wp-block-quote is-layout-flow wp-block-quote-is-layout-flow\"><p>\u201cSe da la noticia inmediatamente con una gran cantidad de especulaci\u00f3n, de muchas notas diversas, de todo tipo de ataques.\u201d<\/p>\n<p>Mauricio Sulaim\u00e1n, presidente del CMB<\/p><\/blockquote>\n<h2 id=\"h-sulaiman-y-su-relacion-con-la-familia-chavez\" class=\"wp-block-heading\">Sulaim\u00e1n y su relaci\u00f3n con la familia Ch\u00e1vez<\/h2>\n<p>El presidente del\u00a0<strong>Consejo Mundial de Boxeo<\/strong>\u00a0aprovech\u00f3 para reiterar que \u00e9l tiene una gran relaci\u00f3n con\u00a0<strong>Julio C\u00e9sar Ch\u00e1vez<\/strong>\u00a0(pap\u00e1) y toda su\u00a0<strong>familia<\/strong>, lo que evidentemente incluye a\u00a0<strong>Ch\u00e1vez Jr.<\/strong><\/p>\n<blockquote class=\"wp-block-quote is-layout-flow wp-block-quote-is-layout-flow\"><p>\u201cYo conozco a Julio, obviamente pap\u00e1 de toda la vida, a Jr. de muchos a\u00f1os, con mucho cari\u00f1o, nuestro excampe\u00f3n mundial.\u201d<\/p>\n<p>Mauricio Sulaim\u00e1n, presidente del CMB<\/p><\/blockquote>\n<h2 id=\"h-te-podria-interesar-frida-munoz-desmiente-rumores-de-separacion-con-julio-cesar-chavez-jr\" class=\"wp-block-heading\"><\/h2>\n<h2 id=\"h-mauricio-sulaiman-confia-en-el-proceso-de-las-autoridades\" class=\"wp-block-heading\">Mauricio Sulaim\u00e1n conf\u00eda en el proceso de las autoridades<\/h2>\n<p>As\u00ed,\u00a0<strong>Mauricio Sulaim\u00e1n habla de Ch\u00e1vez Jr.<\/strong>\u00a0y enfatiza su confianza en que las\u00a0<strong>autoridades<\/strong>\u00a0har\u00e1 su mejor\u00a0<strong>trabajo\u00a0<\/strong>\u201cpara que salga la realidad a relucir\u201d. Por ello, el presidente del\u00a0<strong>Consejo Mundial de Boxeo<\/strong>\u00a0coment\u00f3 que es innecesario especular sobre el caso del pugilista detenido en\u00a0<strong>Estados Unidos<\/strong>.<\/p>\n<div class=\"code-block code-block-8\">\n<div class=\"code-block\"><\/div>\n<div class=\"code-block\"><\/div>\n<\/div>\n<h2 id=\"h-quien-es-julio-cesar-chavez-jr\" class=\"wp-block-heading\">\u00bfQui\u00e9n es Julio C\u00e9sar Ch\u00e1vez Jr.?<\/h2>\n<p><strong>Julio C\u00e9sar Ch\u00e1vez Jr. debut\u00f3 como boxeador profesional en 2003<\/strong>, a diferencia de otros peleadores que se abren camino desde abajo, el apellido le abri\u00f3 puertas r\u00e1pidamente.<\/p>\n<p>Su estilo,\u00a0<strong>m\u00e1s t\u00e9cnico que explosivo<\/strong>, le vali\u00f3 cr\u00edticas, pero tambi\u00e9n una racha invicta que lo llev\u00f3 a conquistar el t\u00edtulo mundial de peso medio del\u00a0<strong>Consejo Mundial de Boxeo<\/strong>\u00a0en 2011.<\/p>\n<p>Despu\u00e9s de perder el t\u00edtulo ante\u00a0<strong>Sergio \u201cMaravilla\u201d Mart\u00ednez<\/strong>\u00a0en 2012, su carrera comenz\u00f3 a desmoronarse. Entre lesiones, suspensiones, falta de disciplina, cambios de entrenadores y problemas de peso,\u00a0<strong>Ch\u00e1vez Jr.<\/strong>\u00a0fue perdiendo el respeto de los aficionados.<\/p>\n<p>Sus derrotas ante boxeadores como\u00a0<strong>Andrzej Fonfara y Sa\u00fal \u201cCanelo\u201d \u00c1lvarez<\/strong>\u00a0confirmaron el bajo nivel del boxeador que nunca logr\u00f3 consolidarse como estrella del\u00a0<strong>box<\/strong>.<\/p>\n","protected":false},"excerpt":{"rendered":"<p>El presidente del\u00a0Consejo Mundial de Boxeo,\u00a0Mauricio Sulaim\u00e1n, habla de Ch\u00e1vez Jr.\u00a0y todo lo que se ha generado alrededor de su caso luego de que fuera\u00a0detenido en Estados Unidos, hace unos d\u00edas. Ch\u00e1vez Jr., es hijo del gran\u00a0Julio C\u00e9sar Ch\u00e1vez, considerado por muchos aficionados como el mejor boxeador que se ha dado en nuestro pa\u00eds. \u00bfCu\u00e1l [&hellip;]<\/p>\n","protected":false},"author":2,"featured_media":224629,"comment_status":"closed","ping_status":"closed","sticky":false,"template":"","format":"standard","meta":{"footnotes":""},"categories":[188,12870],"tags":[5231,12865],"class_list":["post-224628","post","type-post","status-publish","format-standard","has-post-thumbnail","hentry","category-deportes","category-destacadas","tag-deportes","tag-destacadas"],"jetpack_featured_media_url":"https:\/\/rnoticias.com.mx\/Portal\/wp-content\/uploads\/2025\/07\/chavez-junior-sulaiman.png_1100950804.webp","amp_enabled":true,"_links":{"self":[{"href":"https:\/\/rnoticias.com.mx\/Portal\/wp-json\/wp\/v2\/posts\/224628","targetHints":{"allow":["GET"]}}],"collection":[{"href":"https:\/\/rnoticias.com.mx\/Portal\/wp-json\/wp\/v2\/posts"}],"about":[{"href":"https:\/\/rnoticias.com.mx\/Portal\/wp-json\/wp\/v2\/types\/post"}],"author":[{"embeddable":true,"href":"https:\/\/rnoticias.com.mx\/Portal\/wp-json\/wp\/v2\/users\/2"}],"replies":[{"embeddable":true,"href":"https:\/\/rnoticias.com.mx\/Portal\/wp-json\/wp\/v2\/comments?post=224628"}],"version-history":[{"count":1,"href":"https:\/\/rnoticias.com.mx\/Portal\/wp-json\/wp\/v2\/posts\/224628\/revisions"}],"predecessor-version":[{"id":224630,"href":"https:\/\/rnoticias.com.mx\/Portal\/wp-json\/wp\/v2\/posts\/224628\/revisions\/224630"}],"wp:featuredmedia":[{"embeddable":true,"href":"https:\/\/rnoticias.com.mx\/Portal\/wp-json\/wp\/v2\/media\/224629"}],"wp:attachment":[{"href":"https:\/\/rnoticias.com.mx\/Portal\/wp-json\/wp\/v2\/media?parent=224628"}],"wp:term":[{"taxonomy":"category","embeddable":true,"href":"https:\/\/rnoticias.com.mx\/Portal\/wp-json\/wp\/v2\/categories?post=224628"},{"taxonomy":"post_tag","embeddable":true,"href":"https:\/\/rnoticias.com.mx\/Portal\/wp-json\/wp\/v2\/tags?post=224628"}],"curies":[{"name":"wp","href":"https:\/\/api.w.org\/{rel}","templated":true}]}}