{"id":224619,"date":"2025-07-16T22:22:38","date_gmt":"2025-07-17T05:22:38","guid":{"rendered":"https:\/\/rnoticias.com.mx\/Portal\/?p=224619"},"modified":"2025-07-16T22:22:38","modified_gmt":"2025-07-17T05:22:38","slug":"vinculados-a-proceso-dos-sujetos-por-secuestro-en-hermosillo","status":"publish","type":"post","link":"https:\/\/rnoticias.com.mx\/Portal\/2025\/07\/16\/vinculados-a-proceso-dos-sujetos-por-secuestro-en-hermosillo\/","title":{"rendered":"Vinculados a proceso dos sujetos por secuestro en Hermosillo"},"content":{"rendered":"<p>Hermosillo, Sonora, 16 de julio de 2025.- La Fiscal\u00eda General de Justicia del Estado de Sonora (FGJES), a trav\u00e9s de la Unidad Especializada en Combate al Secuestro (UECS), obtuvo la vinculaci\u00f3n a proceso de dos sujetos por su probable responsabilidad en el delito de secuestro agravado y asociaci\u00f3n delictuosa en agravio de dos personas, de identidades reservadas, en Hermosillo.<\/p>\n<p>Durante la audiencia inicial, se calific\u00f3 de legal la detenci\u00f3n de Felipe de Jes\u00fas \u201cN\u201d y Manuel Alain y\/o Nicol\u00e1s \u201cN\u201d, a quienes se les formul\u00f3 imputaci\u00f3n y se vincul\u00f3 a proceso penal, adem\u00e1s, el Juez impuso la medida cautelar de prisi\u00f3n preventiva justificada, y concedi\u00f3 un plazo de cuatro meses para el cierre de la investigaci\u00f3n.<\/p>\n<p>Los hechos ocurrieron el 1 de julio de 2025, cuando los imputados, formando parte de un grupo de m\u00e1s de tres personas organizadas para delinquir, allanaron un domicilio en la colonia La Cholla, en Hermosillo, donde manten\u00edan privadas de la libertad a dos mujeres.<\/p>\n<p>Las v\u00edctimas fueron sometidas con violencia f\u00edsica y amenazas de muerte, siendo amarradas y amordazadas mientras se les exig\u00eda informaci\u00f3n bajo intimidaci\u00f3n con un arma de fuego.<\/p>\n<p>La retenci\u00f3n se prolong\u00f3 hasta las 19:33 horas, momento en que elementos de la Polic\u00eda Municipal arribaron al lugar y lograron la detenci\u00f3n en flagrancia de los presuntos responsables.<\/p>\n<p>La Fiscal\u00eda General de Justicia del Estado de Sonora reitera su firme compromiso con la atenci\u00f3n integral a las v\u00edctimas de delitos de alto impacto y el combate frontal al secuestro, actuando con apego a la ley, respeto a los derechos humanos y coordinaci\u00f3n permanente con las corporaciones de seguridad para salvaguardar la integridad de la ciudadan\u00eda.<\/p>\n","protected":false},"excerpt":{"rendered":"<p>Hermosillo, Sonora, 16 de julio de 2025.- La Fiscal\u00eda General de Justicia del Estado de Sonora (FGJES), a trav\u00e9s de la Unidad Especializada en Combate al Secuestro (UECS), obtuvo la vinculaci\u00f3n a proceso de dos sujetos por su probable responsabilidad en el delito de secuestro agravado y asociaci\u00f3n delictuosa en agravio de dos personas, de [&hellip;]<\/p>\n","protected":false},"author":2,"featured_media":224620,"comment_status":"closed","ping_status":"closed","sticky":false,"template":"","format":"standard","meta":{"footnotes":""},"categories":[12870,178],"tags":[12865,12869],"class_list":["post-224619","post","type-post","status-publish","format-standard","has-post-thumbnail","hentry","category-destacadas","category-local","tag-destacadas","tag-local"],"jetpack_featured_media_url":"https:\/\/rnoticias.com.mx\/Portal\/wp-content\/uploads\/2025\/07\/15d4a808-8fea-4c87-a14b-7ea9a3c48e70.jpg","amp_enabled":true,"_links":{"self":[{"href":"https:\/\/rnoticias.com.mx\/Portal\/wp-json\/wp\/v2\/posts\/224619","targetHints":{"allow":["GET"]}}],"collection":[{"href":"https:\/\/rnoticias.com.mx\/Portal\/wp-json\/wp\/v2\/posts"}],"about":[{"href":"https:\/\/rnoticias.com.mx\/Portal\/wp-json\/wp\/v2\/types\/post"}],"author":[{"embeddable":true,"href":"https:\/\/rnoticias.com.mx\/Portal\/wp-json\/wp\/v2\/users\/2"}],"replies":[{"embeddable":true,"href":"https:\/\/rnoticias.com.mx\/Portal\/wp-json\/wp\/v2\/comments?post=224619"}],"version-history":[{"count":1,"href":"https:\/\/rnoticias.com.mx\/Portal\/wp-json\/wp\/v2\/posts\/224619\/revisions"}],"predecessor-version":[{"id":224621,"href":"https:\/\/rnoticias.com.mx\/Portal\/wp-json\/wp\/v2\/posts\/224619\/revisions\/224621"}],"wp:featuredmedia":[{"embeddable":true,"href":"https:\/\/rnoticias.com.mx\/Portal\/wp-json\/wp\/v2\/media\/224620"}],"wp:attachment":[{"href":"https:\/\/rnoticias.com.mx\/Portal\/wp-json\/wp\/v2\/media?parent=224619"}],"wp:term":[{"taxonomy":"category","embeddable":true,"href":"https:\/\/rnoticias.com.mx\/Portal\/wp-json\/wp\/v2\/categories?post=224619"},{"taxonomy":"post_tag","embeddable":true,"href":"https:\/\/rnoticias.com.mx\/Portal\/wp-json\/wp\/v2\/tags?post=224619"}],"curies":[{"name":"wp","href":"https:\/\/api.w.org\/{rel}","templated":true}]}}