{"id":224606,"date":"2025-07-16T22:07:02","date_gmt":"2025-07-17T05:07:02","guid":{"rendered":"https:\/\/rnoticias.com.mx\/Portal\/?p=224606"},"modified":"2025-07-16T22:07:02","modified_gmt":"2025-07-17T05:07:02","slug":"heriberto-aguilar-la-justicia-social-no-se-decreta-se-construye-con-leyes-y-se-defiende-con-hechos","status":"publish","type":"post","link":"https:\/\/rnoticias.com.mx\/Portal\/2025\/07\/16\/heriberto-aguilar-la-justicia-social-no-se-decreta-se-construye-con-leyes-y-se-defiende-con-hechos\/","title":{"rendered":"Heriberto Aguilar: \u201cLa justicia social no se decreta, se construye con leyes y se defiende con hechos\u201d"},"content":{"rendered":"<p>Hermosillo, Sonora | 16 de julio de 2025.- El senador Heriberto Aguilar Castillo afirm\u00f3 que en Sonora la justicia social dej\u00f3 de ser un ideal para convertirse en pol\u00edtica p\u00fablica, gracias al trabajo conjunto entre el poder legislativo y un gobierno estatal que act\u00faa con principios.<\/p>\n<p>\u201cEn el Senado dimos la batalla para elevar a rango constitucional los programas sociales, y hoy en Sonora vemos c\u00f3mo esa lucha se traduce en hechos: apoyos que llegan directo a las familias, a los estudiantes, a quienes m\u00e1s lo necesitan\u201d, expres\u00f3 el legislador morenista.<\/p>\n<p>Durante su participaci\u00f3n en la entrega de apoyos econ\u00f3micos del programa de Fortalecimiento Econ\u00f3mico para Familias Vulnerables en Hermosillo, Aguilar Castillo reconoci\u00f3 el liderazgo del gobernador Alfonso Durazo Monta\u00f1o, a quien calific\u00f3 como un mandatario con visi\u00f3n social, comprometido con el bienestar y el futuro del pueblo sonorense.<\/p>\n<p>El senador tambi\u00e9n subray\u00f3 que, con la presidenta Claudia Sheinbaum al frente del pa\u00eds, la transformaci\u00f3n entra en una nueva etapa, en la que gobernar significa garantizar bienestar, combatir la desigualdad y construir prosperidad compartida, con base en los principios del humanismo mexicano.<\/p>\n<p>En el evento, el legislador agradeci\u00f3 al secretario de Bienestar, Fernando Rojo de la Vega, su presencia y trabajo coordinado para que estos apoyos lleguen a quienes m\u00e1s los necesitan, sin intermediarios y con justicia.<\/p>\n<p>\u201cAs\u00ed como las becas universitarias del programa Sonora de Oportunidades \u2014que ya han beneficiado a m\u00e1s de 460 mil estudiantes\u2014 este nuevo apoyo refleja una visi\u00f3n clara: el presupuesto p\u00fablico debe estar al servicio de la gente. Y con un gobierno sensible y comprometido, se est\u00e1 cumpliendo\u201d, se\u00f1al\u00f3.<\/p>\n<p>Finalmente, el senador reafirm\u00f3 su convicci\u00f3n de seguir legislando para consolidar un modelo de bienestar desde abajo, con piso parejo, con dignidad y sin dar un paso atr\u00e1s en los derechos conquistados: \u201cDesde Sonora, con Claudia Sheinbaum y Alfonso Durazo, estamos demostrando que hay otra forma de gobernar, y es la correcta\u201d.<\/p>\n","protected":false},"excerpt":{"rendered":"<p>Hermosillo, Sonora | 16 de julio de 2025.- El senador Heriberto Aguilar Castillo afirm\u00f3 que en Sonora la justicia social dej\u00f3 de ser un ideal para convertirse en pol\u00edtica p\u00fablica, gracias al trabajo conjunto entre el poder legislativo y un gobierno estatal que act\u00faa con principios. \u201cEn el Senado dimos la batalla para elevar a [&hellip;]<\/p>\n","protected":false},"author":2,"featured_media":224614,"comment_status":"closed","ping_status":"closed","sticky":false,"template":"","format":"standard","meta":{"footnotes":""},"categories":[12870,12868],"tags":[12865,12879],"class_list":["post-224606","post","type-post","status-publish","format-standard","has-post-thumbnail","hentry","category-destacadas","category-politica","tag-destacadas","tag-politica"],"jetpack_featured_media_url":"https:\/\/rnoticias.com.mx\/Portal\/wp-content\/uploads\/2025\/07\/565c6b9c-3310-4ab6-ad06-c7d99aa16550-scaled.jpg","amp_enabled":true,"_links":{"self":[{"href":"https:\/\/rnoticias.com.mx\/Portal\/wp-json\/wp\/v2\/posts\/224606","targetHints":{"allow":["GET"]}}],"collection":[{"href":"https:\/\/rnoticias.com.mx\/Portal\/wp-json\/wp\/v2\/posts"}],"about":[{"href":"https:\/\/rnoticias.com.mx\/Portal\/wp-json\/wp\/v2\/types\/post"}],"author":[{"embeddable":true,"href":"https:\/\/rnoticias.com.mx\/Portal\/wp-json\/wp\/v2\/users\/2"}],"replies":[{"embeddable":true,"href":"https:\/\/rnoticias.com.mx\/Portal\/wp-json\/wp\/v2\/comments?post=224606"}],"version-history":[{"count":1,"href":"https:\/\/rnoticias.com.mx\/Portal\/wp-json\/wp\/v2\/posts\/224606\/revisions"}],"predecessor-version":[{"id":224615,"href":"https:\/\/rnoticias.com.mx\/Portal\/wp-json\/wp\/v2\/posts\/224606\/revisions\/224615"}],"wp:featuredmedia":[{"embeddable":true,"href":"https:\/\/rnoticias.com.mx\/Portal\/wp-json\/wp\/v2\/media\/224614"}],"wp:attachment":[{"href":"https:\/\/rnoticias.com.mx\/Portal\/wp-json\/wp\/v2\/media?parent=224606"}],"wp:term":[{"taxonomy":"category","embeddable":true,"href":"https:\/\/rnoticias.com.mx\/Portal\/wp-json\/wp\/v2\/categories?post=224606"},{"taxonomy":"post_tag","embeddable":true,"href":"https:\/\/rnoticias.com.mx\/Portal\/wp-json\/wp\/v2\/tags?post=224606"}],"curies":[{"name":"wp","href":"https:\/\/api.w.org\/{rel}","templated":true}]}}