{"id":224598,"date":"2025-07-16T20:30:33","date_gmt":"2025-07-17T03:30:33","guid":{"rendered":"https:\/\/rnoticias.com.mx\/Portal\/?p=224598"},"modified":"2025-07-16T20:30:33","modified_gmt":"2025-07-17T03:30:33","slug":"mexico-rechaza-alza-tarifaria-de-uber-por-reformas-y-la-califica-de-irresponsable","status":"publish","type":"post","link":"https:\/\/rnoticias.com.mx\/Portal\/2025\/07\/16\/mexico-rechaza-alza-tarifaria-de-uber-por-reformas-y-la-califica-de-irresponsable\/","title":{"rendered":"M\u00e9xico rechaza alza tarifaria de Uber por reformas y la califica de &#8216;irresponsable&#8217;"},"content":{"rendered":"<p>La<strong>\u00a0Secretar\u00eda del Trabajo y Previsi\u00f3n Social\u00a0<\/strong>(STPS) conden\u00f3 este mi\u00e9rcoles el\u00a0<strong>incremento unilateral de tarifas anunciado por Uber en M\u00e9xico<\/strong>, calific\u00e1ndolo de injustificado e<strong>\u00a0\u201cirresponsable\u201d y<\/strong>\u00a0contrario a los acuerdos alcanzados con el Gobierno federal, a solo 15 d\u00edas de iniciada la reforma laboral para plataformas digitales.<\/p>\n<p>Uber comunic\u00f3 un alza de hasta u<strong>n 7 %<\/strong>\u00a0en sus precios, atribuy\u00e9ndola a los costos derivados de la reciente reforma laboral,\u00a0<strong>\u201csin sustento alguno\u201d<\/strong>, inform\u00f3 la dependencia mexicana en un comunicado.<\/p>\n<p>La STPS desminti\u00f3 este argumento y record\u00f3 que la empresa se comprometi\u00f3 expl\u00edcitamente a no subir tarifas ni afectar ingresos de usuarios y trabajadores durante la fase piloto del nuevo modelo.<\/p>\n<p><strong>\u201cEl modelo de negocio de Uber y similares extrae riqueza directamente de los trabajadores, quienes asumen todos los costos de herramientas y equipos necesarios\u201d<\/strong>, se\u00f1al\u00f3 la dependencia en un comunicado.<\/p>\n<p>La STPS advirti\u00f3 que no tolerar\u00e1 pr\u00e1cticas empresariales que trasladen injustamente costos a consumidores ni a trabajadores\u00a0<strong>\u201cbajo falsas premisas\u201d.<\/strong><\/p>\n<p>La reforma laboral en plataformas digitales, impulsada por el Gobierno federal, busca incorporar a miles de personas trabajadoras al r\u00e9gimen de seguridad social y garantizar condiciones laborales dignas.<\/p>\n<p>Seg\u00fan la Secretar\u00eda, los lineamientos del plan piloto fueron ampliamente consensuados con las empresas, incluida Uber.<\/p>\n<p>En respuesta al aumento tarifario, la STPS anunci\u00f3 operativos conjuntos con la Procuradur\u00eda Federal del Consumidor (Profeco)\u00a0<strong>para verificar que se cumpla la Ley Federal de Protecci\u00f3n al Consumidor.\u00a0<\/strong><\/p>\n<p>El objetivo es detectar y sancionar alguna pr\u00e1ctica tarifaria irregular o injustificada que perjudique a la ciudadan\u00eda.<\/p>\n<p>La\u00a0<strong>Profeco,<\/strong>\u00a0por su parte, exhort\u00f3 en un comunicado a Uber a respetar los derechos de las personas usuarias y a informar previamente sobre cualquier modificaci\u00f3n en tarifas.<\/p>\n<p>Record\u00f3 que el<strong>\u00a0art\u00edculo 7 de la Ley de Protecci\u00f3n al Consumidor obliga a los proveedores a informar\u00a0<\/strong>y respetar los precios y las condiciones ofrecidas, por lo tanto, las personas usuarias deben dar su consentimiento expreso antes de que se apliquen nuevos cobros.<\/p>\n<p>&nbsp;<\/p>\n<p>Fuente:EFE<\/p>\n","protected":false},"excerpt":{"rendered":"<p>La\u00a0Secretar\u00eda del Trabajo y Previsi\u00f3n Social\u00a0(STPS) conden\u00f3 este mi\u00e9rcoles el\u00a0incremento unilateral de tarifas anunciado por Uber en M\u00e9xico, calific\u00e1ndolo de injustificado e\u00a0\u201cirresponsable\u201d y\u00a0contrario a los acuerdos alcanzados con el Gobierno federal, a solo 15 d\u00edas de iniciada la reforma laboral para plataformas digitales. Uber comunic\u00f3 un alza de hasta un 7 %\u00a0en sus precios, atribuy\u00e9ndola [&hellip;]<\/p>\n","protected":false},"author":2,"featured_media":224599,"comment_status":"closed","ping_status":"closed","sticky":false,"template":"","format":"standard","meta":{"footnotes":""},"categories":[12870,172],"tags":[12865,12874],"class_list":["post-224598","post","type-post","status-publish","format-standard","has-post-thumbnail","hentry","category-destacadas","category-nacional","tag-destacadas","tag-nacional"],"jetpack_featured_media_url":"https:\/\/rnoticias.com.mx\/Portal\/wp-content\/uploads\/2025\/07\/fuimbrddwxqec7wmgfg8wb6nrjhxdf1vuzngsl9j.jpg","amp_enabled":true,"_links":{"self":[{"href":"https:\/\/rnoticias.com.mx\/Portal\/wp-json\/wp\/v2\/posts\/224598","targetHints":{"allow":["GET"]}}],"collection":[{"href":"https:\/\/rnoticias.com.mx\/Portal\/wp-json\/wp\/v2\/posts"}],"about":[{"href":"https:\/\/rnoticias.com.mx\/Portal\/wp-json\/wp\/v2\/types\/post"}],"author":[{"embeddable":true,"href":"https:\/\/rnoticias.com.mx\/Portal\/wp-json\/wp\/v2\/users\/2"}],"replies":[{"embeddable":true,"href":"https:\/\/rnoticias.com.mx\/Portal\/wp-json\/wp\/v2\/comments?post=224598"}],"version-history":[{"count":1,"href":"https:\/\/rnoticias.com.mx\/Portal\/wp-json\/wp\/v2\/posts\/224598\/revisions"}],"predecessor-version":[{"id":224600,"href":"https:\/\/rnoticias.com.mx\/Portal\/wp-json\/wp\/v2\/posts\/224598\/revisions\/224600"}],"wp:featuredmedia":[{"embeddable":true,"href":"https:\/\/rnoticias.com.mx\/Portal\/wp-json\/wp\/v2\/media\/224599"}],"wp:attachment":[{"href":"https:\/\/rnoticias.com.mx\/Portal\/wp-json\/wp\/v2\/media?parent=224598"}],"wp:term":[{"taxonomy":"category","embeddable":true,"href":"https:\/\/rnoticias.com.mx\/Portal\/wp-json\/wp\/v2\/categories?post=224598"},{"taxonomy":"post_tag","embeddable":true,"href":"https:\/\/rnoticias.com.mx\/Portal\/wp-json\/wp\/v2\/tags?post=224598"}],"curies":[{"name":"wp","href":"https:\/\/api.w.org\/{rel}","templated":true}]}}