{"id":224595,"date":"2025-07-16T20:27:47","date_gmt":"2025-07-17T03:27:47","guid":{"rendered":"https:\/\/rnoticias.com.mx\/Portal\/?p=224595"},"modified":"2025-07-16T20:27:47","modified_gmt":"2025-07-17T03:27:47","slug":"sonora-global-llama-a-diversificar-mercados-ante-nuevos-aranceles-de-ee-uu","status":"publish","type":"post","link":"https:\/\/rnoticias.com.mx\/Portal\/2025\/07\/16\/sonora-global-llama-a-diversificar-mercados-ante-nuevos-aranceles-de-ee-uu\/","title":{"rendered":"Sonora Global llama a diversificar mercados ante nuevos aranceles de EE.UU."},"content":{"rendered":"<p>Hermosillo, Sonora.- Ante el reciente anuncio del expresidente estadounidense Donald Trump sobre la imposici\u00f3n de un arancel del 30% a todas las importaciones provenientes de M\u00e9xico a partir del 1 de agosto, as\u00ed como el establecimiento de un 21% adicional al tomate mexicano, el presidente de Sonora Global; Arturo Fern\u00e1ndez D\u00edaz Gonz\u00e1lez, expres\u00f3 su preocupaci\u00f3n por las implicaciones para el comercio binacional y la estabilidad econ\u00f3mica en la regi\u00f3n.<\/p>\n<p>\u201cLa suspensi\u00f3n del acuerdo antidumping y la imposici\u00f3n de nuevos aranceles al tomate mexicano representan una amenaza directa a miles de productores y a la cadena de exportaci\u00f3n agr\u00edcola de Sonora y del pa\u00eds. No podemos confundir eficiencia productiva con pr\u00e1cticas de dumping\u201d, afirm\u00f3 Arturo Fern\u00e1ndez.<\/p>\n<p>Estados Unidos importa m\u00e1s de 2,100 millones de d\u00f3lares al a\u00f1o en tomate mexicano, y gran parte de esta producci\u00f3n proviene del noroeste del pa\u00eds. En este contexto, el l\u00edder empresarial subray\u00f3 que las decisiones unilaterales por parte del gobierno estadounidense, lejos de resolver conflictos, agudizan la tensi\u00f3n en una relaci\u00f3n comercial que deber\u00eda ser estrat\u00e9gica.<\/p>\n<p>\u201cDesde Sonora Global promovemos una respuesta responsable: es momento de diversificar mercados, fortalecer nuestra infraestructura y buscar mecanismos que den estabilidad a los productores. Lo que est\u00e1 en juego es el bienestar de nuestras regiones productivas\u201d, puntualiz\u00f3 Fern\u00e1ndez D\u00edaz Gonz\u00e1lez.<\/p>\n<p>Finalmente, el l\u00edder empresarial hizo un llamado a las autoridades federales y al sector privado para establecer una agenda com\u00fan que permita mitigar el impacto de estas medidas y abrir nuevas oportunidades para el desarrollo econ\u00f3mico sustentable de M\u00e9xico.<\/p>\n","protected":false},"excerpt":{"rendered":"<p>Hermosillo, Sonora.- Ante el reciente anuncio del expresidente estadounidense Donald Trump sobre la imposici\u00f3n de un arancel del 30% a todas las importaciones provenientes de M\u00e9xico a partir del 1 de agosto, as\u00ed como el establecimiento de un 21% adicional al tomate mexicano, el presidente de Sonora Global; Arturo Fern\u00e1ndez D\u00edaz Gonz\u00e1lez, expres\u00f3 su preocupaci\u00f3n [&hellip;]<\/p>\n","protected":false},"author":2,"featured_media":224596,"comment_status":"closed","ping_status":"closed","sticky":false,"template":"","format":"standard","meta":{"footnotes":""},"categories":[12870,178],"tags":[12865,12869],"class_list":["post-224595","post","type-post","status-publish","format-standard","has-post-thumbnail","hentry","category-destacadas","category-local","tag-destacadas","tag-local"],"jetpack_featured_media_url":"https:\/\/rnoticias.com.mx\/Portal\/wp-content\/uploads\/2025\/07\/d9a9a5c2-5e70-40f2-bfef-fa3517bee806.jpg","amp_enabled":true,"_links":{"self":[{"href":"https:\/\/rnoticias.com.mx\/Portal\/wp-json\/wp\/v2\/posts\/224595","targetHints":{"allow":["GET"]}}],"collection":[{"href":"https:\/\/rnoticias.com.mx\/Portal\/wp-json\/wp\/v2\/posts"}],"about":[{"href":"https:\/\/rnoticias.com.mx\/Portal\/wp-json\/wp\/v2\/types\/post"}],"author":[{"embeddable":true,"href":"https:\/\/rnoticias.com.mx\/Portal\/wp-json\/wp\/v2\/users\/2"}],"replies":[{"embeddable":true,"href":"https:\/\/rnoticias.com.mx\/Portal\/wp-json\/wp\/v2\/comments?post=224595"}],"version-history":[{"count":1,"href":"https:\/\/rnoticias.com.mx\/Portal\/wp-json\/wp\/v2\/posts\/224595\/revisions"}],"predecessor-version":[{"id":224597,"href":"https:\/\/rnoticias.com.mx\/Portal\/wp-json\/wp\/v2\/posts\/224595\/revisions\/224597"}],"wp:featuredmedia":[{"embeddable":true,"href":"https:\/\/rnoticias.com.mx\/Portal\/wp-json\/wp\/v2\/media\/224596"}],"wp:attachment":[{"href":"https:\/\/rnoticias.com.mx\/Portal\/wp-json\/wp\/v2\/media?parent=224595"}],"wp:term":[{"taxonomy":"category","embeddable":true,"href":"https:\/\/rnoticias.com.mx\/Portal\/wp-json\/wp\/v2\/categories?post=224595"},{"taxonomy":"post_tag","embeddable":true,"href":"https:\/\/rnoticias.com.mx\/Portal\/wp-json\/wp\/v2\/tags?post=224595"}],"curies":[{"name":"wp","href":"https:\/\/api.w.org\/{rel}","templated":true}]}}