{"id":224589,"date":"2025-07-16T19:01:35","date_gmt":"2025-07-17T02:01:35","guid":{"rendered":"https:\/\/rnoticias.com.mx\/Portal\/?p=224589"},"modified":"2025-07-16T19:01:35","modified_gmt":"2025-07-17T02:01:35","slug":"inicia-huelga-por-la-dignidad-de-trabajadores-agricolas-en-ee-uu-tras-redadas-antimigrantes","status":"publish","type":"post","link":"https:\/\/rnoticias.com.mx\/Portal\/2025\/07\/16\/inicia-huelga-por-la-dignidad-de-trabajadores-agricolas-en-ee-uu-tras-redadas-antimigrantes\/","title":{"rendered":"Inicia \u201cHuelga por la dignidad\u201d de trabajadores agr\u00edcolas en EE. UU. tras redadas antimigrantes"},"content":{"rendered":"<p>Despu\u00e9s de las redadas\u00a0<strong>migratorias<\/strong>,\u00a0<strong>trabajadores agr\u00edcolas\u00a0<\/strong>iniciaron una\u00a0<strong>huelga\u00a0<\/strong>a la que nombraron la\u00a0<strong>\u201cHuelga por la<\/strong>\u00a0<strong>dignidad\u201d<\/strong>\u00a0en respuesta de las acciones del<strong>\u00a0Servicio de Inmigraci\u00f3n y Control de Aduanas (ICE por sus siglas en ingl\u00e9s).<\/strong><\/p>\n<h2 id=\"h-cuanto-durara-la-huelga-por-la-dignidad\" class=\"wp-block-heading\">\u00bfCu\u00e1nto durar\u00e1 la \u201cHuelga por la dignidad\u201d?<\/h2>\n<p>A trav\u00e9s de su cuenta de redes sociales,\u00a0<strong>Flor Mart\u00ednez Zaragoza<\/strong>, una activista en favor de los migrantes en Estados Unidos, comparti\u00f3 informaci\u00f3n sobre la<strong>\u00a0\u201cHuelga por la dignidad\u201d\u00a0<\/strong>prevista para<strong>\u00a0tres d\u00edas.<\/strong><\/p>\n<p>Se espera que la huelga de trabajadores agr\u00edcolas se realice el\u00a0<strong>16, 17 y 18 de julio.<\/strong><\/p>\n<p>Adem\u00e1s del paro de\u00a0<strong>actividades<\/strong>, los inconformes llamaron a un\u00a0<strong>boicot\u00a0<\/strong>para no comprar\u00a0<strong>art\u00edculos\u00a0<\/strong>durante los d\u00edas que se espera dure la\u00a0<strong>\u201cHuelga de la dignidad\u201d.<\/strong><\/p>\n<p>En el sitio de la\u00a0<strong>\u201cHuelga por la dignidad\u201d\u00a0<\/strong>explicaron que se trata de una acci\u00f3n a\u00a0<strong>nivel nacional\u00a0<\/strong>de los trabajadores agr\u00edcolas.<\/p>\n<h2 id=\"h-que-exigen-los-trabajadores-agricolas-con-la-huelga-por-la-dignidad\" class=\"wp-block-heading\">\u00bfQu\u00e9 exigen los trabajadores agr\u00edcolas con la \u201cHuelga por la dignidad\u201d?<\/h2>\n<p>Como parte de sus demandas en la<strong>\u00a0\u201cHuelga por la dignidad\u201d,<\/strong>\u00a0los\u00a0<strong>trabajadores agr\u00edcolas\u00a0<\/strong>exigieron\u00a0<strong>\u201cun camino hacia la ciudadan\u00eda\u201d<\/strong>, as\u00ed como el cese de las redadas y deportaciones del\u00a0<strong>ICE a nivel nacional.<\/strong><\/p>\n<p>Mediante un sitio de internet de la\u00a0<strong>\u201cHuelga por la dignidad\u201d,\u00a0<\/strong>afirmaron que el paro de actividades busca destacar el \u201cpapel esencial pero invisible que los trabajadores\u00a0<strong>indocumentados\u00a0<\/strong>juegan en el sistema\u00a0<strong>alimentario\u00a0<\/strong>de\u00a0<strong>Estados Unidos,\u00a0<\/strong>y env\u00eda un mensaje de que sin sus manos, no hay\u00a0<strong>cosecha<\/strong>\u201d.<\/p>\n<h2 id=\"h-redadas-en-campos-agricolas\" class=\"wp-block-heading\">Redadas en campos agr\u00edcolas<\/h2>\n<p>Agentes del\u00a0<strong>Servicio de Control de Inmigraci\u00f3n y Aduanas (ICE)<\/strong>\u00a0irrumpieron hace unos d\u00edas en los condados de\u00a0<strong>Ventura\u00a0<\/strong>y\u00a0<strong>Santa B\u00e1rbara<\/strong>\u00a0y arrestaron a varias personas, informaron la\u00a0<strong>Canciller\u00eda mexicana\u00a0<\/strong>y medios\u00a0<strong>estadounidenses<\/strong>.<\/p>\n<p>El operativo en Ventura se ejecut\u00f3 en una granja, seg\u00fan im\u00e1genes televisivas que muestran a unas\u00a0<strong>30 personas\u00a0<\/strong>bajo custodia de agentes migratorios. Medios estadounidenses reportaron que esa operaci\u00f3n\u00a0<strong>gener\u00f3 disturbios<\/strong>.<\/p>\n<p>Luego de las redadas, la presidenta Claudia Sheinbaum las describi\u00f3 como\u00a0<strong>\u201cinjustas\u201d<\/strong>\u00a0y\u00a0<strong>da\u00f1inas\u00a0<\/strong>para la\u00a0<strong>econom\u00eda\u00a0<\/strong>de\u00a0<strong>Estados Unidos<\/strong>.<\/p>\n<p>Ante las redadas, la mayor\u00eda de los\u00a0<strong>economistas\u00a0<\/strong>y\u00a0<strong>pol\u00edticos\u00a0<\/strong>reconocen que muchos de los\u00a0<strong>trabajadores agr\u00edcolas\u00a0<\/strong>estadounidenses est\u00e1n en el pa\u00eds de\u00a0<strong>forma ilegal<\/strong>, pero afirman que una reducci\u00f3n dr\u00e1stica de su n\u00famero podr\u00eda tener efectos devastadores en la cadena de suministro de alimentos y en las econom\u00edas de los\u00a0<strong>cinturones agr\u00edcolas<\/strong>.<\/p>\n<p>Douglas Holtz-Eakin, republicano y\u00a0<strong>exdirector de la Oficina Presupuestaria del Congreso,<\/strong>\u00a0dijo que se calcula que el\u00a0<strong>80%\u00a0<\/strong>de los\u00a0<strong>trabajadores agr\u00edcolas\u00a0<\/strong>de\u00a0<strong>Estados Unidos\u00a0<\/strong>nacieron en el\u00a0<strong>extranjero<\/strong>, y que casi la mitad de\u00a0<strong>ellos\u00a0<\/strong>est\u00e1n en el\u00a0<strong>pa\u00eds ilegalmente<\/strong>. Su p\u00e9rdida provocar\u00e1\u00a0<strong>subidas\u00a0<\/strong>de\u00a0<strong>precios\u00a0<\/strong>para los consumidores.<\/p>\n<p>&nbsp;<\/p>\n<p>&nbsp;<\/p>\n<p>Unotv<\/p>\n","protected":false},"excerpt":{"rendered":"<p>Despu\u00e9s de las redadas\u00a0migratorias,\u00a0trabajadores agr\u00edcolas\u00a0iniciaron una\u00a0huelga\u00a0a la que nombraron la\u00a0\u201cHuelga por la\u00a0dignidad\u201d\u00a0en respuesta de las acciones del\u00a0Servicio de Inmigraci\u00f3n y Control de Aduanas (ICE por sus siglas en ingl\u00e9s). \u00bfCu\u00e1nto durar\u00e1 la \u201cHuelga por la dignidad\u201d? A trav\u00e9s de su cuenta de redes sociales,\u00a0Flor Mart\u00ednez Zaragoza, una activista en favor de los migrantes en Estados [&hellip;]<\/p>\n","protected":false},"author":2,"featured_media":224590,"comment_status":"closed","ping_status":"closed","sticky":false,"template":"","format":"standard","meta":{"footnotes":""},"categories":[12870,182],"tags":[12865,12871],"class_list":["post-224589","post","type-post","status-publish","format-standard","has-post-thumbnail","hentry","category-destacadas","category-internacional","tag-destacadas","tag-internacional"],"jetpack_featured_media_url":"https:\/\/rnoticias.com.mx\/Portal\/wp-content\/uploads\/2025\/07\/MXWVgNykUI.webp","amp_enabled":true,"_links":{"self":[{"href":"https:\/\/rnoticias.com.mx\/Portal\/wp-json\/wp\/v2\/posts\/224589","targetHints":{"allow":["GET"]}}],"collection":[{"href":"https:\/\/rnoticias.com.mx\/Portal\/wp-json\/wp\/v2\/posts"}],"about":[{"href":"https:\/\/rnoticias.com.mx\/Portal\/wp-json\/wp\/v2\/types\/post"}],"author":[{"embeddable":true,"href":"https:\/\/rnoticias.com.mx\/Portal\/wp-json\/wp\/v2\/users\/2"}],"replies":[{"embeddable":true,"href":"https:\/\/rnoticias.com.mx\/Portal\/wp-json\/wp\/v2\/comments?post=224589"}],"version-history":[{"count":1,"href":"https:\/\/rnoticias.com.mx\/Portal\/wp-json\/wp\/v2\/posts\/224589\/revisions"}],"predecessor-version":[{"id":224591,"href":"https:\/\/rnoticias.com.mx\/Portal\/wp-json\/wp\/v2\/posts\/224589\/revisions\/224591"}],"wp:featuredmedia":[{"embeddable":true,"href":"https:\/\/rnoticias.com.mx\/Portal\/wp-json\/wp\/v2\/media\/224590"}],"wp:attachment":[{"href":"https:\/\/rnoticias.com.mx\/Portal\/wp-json\/wp\/v2\/media?parent=224589"}],"wp:term":[{"taxonomy":"category","embeddable":true,"href":"https:\/\/rnoticias.com.mx\/Portal\/wp-json\/wp\/v2\/categories?post=224589"},{"taxonomy":"post_tag","embeddable":true,"href":"https:\/\/rnoticias.com.mx\/Portal\/wp-json\/wp\/v2\/tags?post=224589"}],"curies":[{"name":"wp","href":"https:\/\/api.w.org\/{rel}","templated":true}]}}