{"id":224580,"date":"2025-07-16T18:53:16","date_gmt":"2025-07-17T01:53:16","guid":{"rendered":"https:\/\/rnoticias.com.mx\/Portal\/?p=224580"},"modified":"2025-07-16T18:53:16","modified_gmt":"2025-07-17T01:53:16","slug":"promueve-cabildo-de-hermosillo-avance-operativo-del-plan-h-suma-a-favor-de-personas-con-discapacidad","status":"publish","type":"post","link":"https:\/\/rnoticias.com.mx\/Portal\/2025\/07\/16\/promueve-cabildo-de-hermosillo-avance-operativo-del-plan-h-suma-a-favor-de-personas-con-discapacidad\/","title":{"rendered":"Promueve Cabildo de Hermosillo avance operativo del Plan H Suma a favor de personas con discapacidad"},"content":{"rendered":"<p>Hermosillo, Sonora; 16 de Julio de 2025.- El Cabildo de Hermosillo respald\u00f3 por unanimidad que en cada dependencia y entidad municipal se asigne a una persona que cumplir\u00e1 funciones de coordinaci\u00f3n, implementaci\u00f3n de acciones inclusivas y comunicaci\u00f3n directa con el Consejo Municipal para la Inclusi\u00f3n Social de Personas con Discapacidad (COMUDIS).<\/p>\n<p>El Regidor Rogelio Ar\u00f3n Ram\u00edrez Peralta, presidente de la Comisi\u00f3n de Inclusi\u00f3n, Asistencia y Bienestar Social someti\u00f3 a consideraci\u00f3n del pleno un dictamen para la reforma del reglamento de COMUDIS que favorece la aplicaci\u00f3n pr\u00e1ctica del Plan H SUMA, lanzado el 18 de junio por el presidente municipal Antonio Astiazar\u00e1n y su esposa Patricia Ruibal Zaragoza, presidenta de DIF Hermosillo.<\/p>\n<p>Las &#8220;Personas Enlaces de Inclusi\u00f3n y Accesibilidad&#8221; trabajar\u00e1n para garantizar que las pol\u00edticas municipales respondan a las necesidades reales de las personas con discapacidad, con lo que se estar\u00e1 dando cumplimiento al frente 4 del Plan Municipal de Desarrollo 2025-2027: \u201cHermosillo vivo e incluyente\u201d.<\/p>\n<p>Dicho frente atiende el mandato de disminuir el rezago social, fomentar la equidad y elevar la calidad de vida de los sectores m\u00e1s vulnerables, procurando que todas las personas, sin distinci\u00f3n por condici\u00f3n f\u00edsica, sensorial, mental o social, puedan desarrollarse integralmente, en un entorno de justicia, apertura, inclusi\u00f3n y participaci\u00f3n.<\/p>\n<p>La reforma aprobada al reglamento de COMUDIS institucionaliza a Personas Enlace en cada dependencia y organismo paramunicipal y les confiere tareas de implementaci\u00f3n, evaluaci\u00f3n, promoci\u00f3n de ajustes razonables y coordinaci\u00f3n con otros enlaces, todo para favorecer condiciones equitativas de acceso, representaci\u00f3n y desarrollo a quienes viven con alguna discapacidad en Hermosillo.<\/p>\n<p>Tambi\u00e9n adopta formalmente Programa Municipal de Inclusi\u00f3n y Accesibilidad \u201cLa H SUMA\u201d, principal instrumento t\u00e9cnico-operativo que servir\u00e1 como base estructural para el dise\u00f1o de indicadores, la planeaci\u00f3n anual, la asignaci\u00f3n presupuestal espec\u00edfica y la evaluaci\u00f3n de impacto institucional en accesibilidad en el municipio de Hermosillo.<\/p>\n","protected":false},"excerpt":{"rendered":"<p>Hermosillo, Sonora; 16 de Julio de 2025.- El Cabildo de Hermosillo respald\u00f3 por unanimidad que en cada dependencia y entidad municipal se asigne a una persona que cumplir\u00e1 funciones de coordinaci\u00f3n, implementaci\u00f3n de acciones inclusivas y comunicaci\u00f3n directa con el Consejo Municipal para la Inclusi\u00f3n Social de Personas con Discapacidad (COMUDIS). El Regidor Rogelio Ar\u00f3n [&hellip;]<\/p>\n","protected":false},"author":2,"featured_media":224581,"comment_status":"closed","ping_status":"closed","sticky":false,"template":"","format":"standard","meta":{"footnotes":""},"categories":[12870,178],"tags":[12865,12869],"class_list":["post-224580","post","type-post","status-publish","format-standard","has-post-thumbnail","hentry","category-destacadas","category-local","tag-destacadas","tag-local"],"jetpack_featured_media_url":"https:\/\/rnoticias.com.mx\/Portal\/wp-content\/uploads\/2025\/07\/f6dce43f-dad2-43fd-9e61-24e52aec0260.jpg","amp_enabled":true,"_links":{"self":[{"href":"https:\/\/rnoticias.com.mx\/Portal\/wp-json\/wp\/v2\/posts\/224580","targetHints":{"allow":["GET"]}}],"collection":[{"href":"https:\/\/rnoticias.com.mx\/Portal\/wp-json\/wp\/v2\/posts"}],"about":[{"href":"https:\/\/rnoticias.com.mx\/Portal\/wp-json\/wp\/v2\/types\/post"}],"author":[{"embeddable":true,"href":"https:\/\/rnoticias.com.mx\/Portal\/wp-json\/wp\/v2\/users\/2"}],"replies":[{"embeddable":true,"href":"https:\/\/rnoticias.com.mx\/Portal\/wp-json\/wp\/v2\/comments?post=224580"}],"version-history":[{"count":1,"href":"https:\/\/rnoticias.com.mx\/Portal\/wp-json\/wp\/v2\/posts\/224580\/revisions"}],"predecessor-version":[{"id":224582,"href":"https:\/\/rnoticias.com.mx\/Portal\/wp-json\/wp\/v2\/posts\/224580\/revisions\/224582"}],"wp:featuredmedia":[{"embeddable":true,"href":"https:\/\/rnoticias.com.mx\/Portal\/wp-json\/wp\/v2\/media\/224581"}],"wp:attachment":[{"href":"https:\/\/rnoticias.com.mx\/Portal\/wp-json\/wp\/v2\/media?parent=224580"}],"wp:term":[{"taxonomy":"category","embeddable":true,"href":"https:\/\/rnoticias.com.mx\/Portal\/wp-json\/wp\/v2\/categories?post=224580"},{"taxonomy":"post_tag","embeddable":true,"href":"https:\/\/rnoticias.com.mx\/Portal\/wp-json\/wp\/v2\/tags?post=224580"}],"curies":[{"name":"wp","href":"https:\/\/api.w.org\/{rel}","templated":true}]}}